{"id":69027,"date":"2019-12-01T13:04:14","date_gmt":"2019-12-01T18:04:14","guid":{"rendered":"https:\/\/linitiative.ca\/International\/rabehi-affirme-linteret-de-la-preservation-des-monuments-culturels-et-historiques-du-pays\/"},"modified":"2019-12-01T13:04:14","modified_gmt":"2019-12-01T18:04:14","slug":"rabehi-affirme-linteret-de-la-preservation-des-monuments-culturels-et-historiques-du-pays","status":"publish","type":"post","link":"https:\/\/linitiative.ca\/International\/rabehi-affirme-linteret-de-la-preservation-des-monuments-culturels-et-historiques-du-pays\/","title":{"rendered":"Rabehi affirme l\u2019int\u00e9r\u00eat de la pr\u00e9servation des monuments culturels et historiques du pays"},"content":{"rendered":"<div readability=\"40\">\n<p><strong>DJELFA- Le ministre de la Communication, porte-parole du Gouvernement et ministre de la Culture par int\u00e9rim, Hassan Rabhi, a affirm\u00e9, dimanche \u00e0 partir de Djelfa, l\u2019int\u00e9r\u00eat de la pr\u00e9servation des monuments culturels et historiques du pays, consid\u00e9r\u00e9s comme un patrimoine civilisationnel.<\/strong><\/p>\n<\/div>\n<div readability=\"72\">\n<p>Mabhi, qui \u00e9tait accompagn\u00e9 du ministre des Relations avec le Parlement, Fethi Khouil, a visit\u00e9 la mosqu\u00e9e \u00ab\u00a0El Atik\u00a0\u00bb (datant du 18eme si\u00e8cle) de la commune de Charef (50 km \u00e0 l\u2019ouest de Djelfa), dont il soulign\u00e9 le r\u00f4le de \u00ab\u00a0ce p\u00f4le de rayonnement religieux, dans l\u2019ancrage de l\u2019esprit de nationalisme\u00a0\u00bb, assurant qu\u2019il fait parti des \u00ab\u00a0monuments du patrimoine que nous nous devons de pr\u00e9server comme acquis civilisationnel\u00a0\u00bb.<\/p>\n<p>Apr\u00e8s avoir pris connaissance du r\u00f4le d\u2019importance jou\u00e9 par ce haut lieu du culte, qui fut un lieu de ralliement pour les moudjahidines, durant la guerre de lib\u00e9ration nationale, le ministre s\u2019est engag\u00e9 au \u00ab\u00a0classement de cette mosqu\u00e9e, au vue de sa valeur historique\u00a0\u00bb, a-t-il estim\u00e9.<\/p>\n<blockquote readability=\"9\">\n<p><strong>La mosqu\u00e9e \u00ab\u00a0El Atik\u00a0\u00bb de la ville de Charef fait partie des plus importants lieux de culte de la localit\u00e9. Son chantier fut lanc\u00e9 en 1886, \u00e0 l\u2019initiative des enfants de la r\u00e9gion, qui ont parachev\u00e9 sa r\u00e9alisation\u00a0vers 1897.<\/strong><\/p>\n<\/blockquote>\n<p>Cette mosqu\u00e9e historique a \u00e9t\u00e9 b\u00e2ti gr\u00e2ce \u00e0 Tahar Kasri, sur les d\u00e9combres de la mosqu\u00e9e dite des \u00ab\u00a0Daraouiche\u00a0\u00bb, d\u00e9truite par le colon fran\u00e7ais, qui avait interdit aux indig\u00e8nes de la reb\u00e2tir , car consid\u00e9r\u00e9e comme un symbole de r\u00e9sistance.<\/p>\n<blockquote readability=\"15\">\n<p><strong>Elle fut consid\u00e9r\u00e9e, durant la p\u00e9riode coloniale, comme un p\u00f4le de r\u00e9sistance et de nationalisme pour toute la r\u00e9gion. En effet, c\u2019est cette mosqu\u00e9e que choisit le moudjahid Ferhat Abbas, pour prononcer un discours en 1946, et nombre de membres de la wilaya historique VI se sont succ\u00e9d\u00e9s, \u00e0 son niveau, apr\u00e8s l\u2019ind\u00e9pendance.<\/strong><\/p>\n<\/blockquote>\n<p>Le ministre de la Communication, porte-parole du gouvernement et ministre de la Culture par int\u00e9rim poursuit sa visite \u00e0 Djelfa par l\u2019inspection de structures culturelles au chef lieu de la wilaya et \u00e0 Zekkar.<\/p>\n<\/div>\n<p>Auteur:<br \/>\n<a href=\"http:\/\/www.aps.dz\/culture\/98300-rabehi-affirme-l-interet-de-la-preservation-des-monuments-culturels-et-historiques-du-pays\">Cliquez ici pour lire l&rsquo;article depuis sa source.<\/a><\/p>\n","protected":false},"excerpt":{"rendered":"<p>DJELFA- Le ministre de la Communication, porte-parole du Gouvernement et ministre de la Culture par int\u00e9rim, Hassan Rabhi, a affirm\u00e9, dimanche \u00e0 partir de Djelfa, l\u2019int\u00e9r\u00eat de la pr\u00e9servation des monuments culturels et historiques du pays, consid\u00e9r\u00e9s comme un patrimoine civilisationnel. Mabhi, qui \u00e9tait accompagn\u00e9 du ministre des Relations avec le Parlement, Fethi Khouil, a [&hellip;]<\/p>\n","protected":false},"author":1790,"featured_media":0,"comment_status":"closed","ping_status":"closed","sticky":false,"template":"","format":"standard","meta":{"fifu_image_url":"","fifu_image_alt":"","footnotes":""},"categories":[53,79],"tags":[],"class_list":["post-69027","post","type-post","status-publish","format-standard","hentry","category-algerie","category-culture"],"_links":{"self":[{"href":"https:\/\/linitiative.ca\/International\/wp-json\/wp\/v2\/posts\/69027","targetHints":{"allow":["GET"]}}],"collection":[{"href":"https:\/\/linitiative.ca\/International\/wp-json\/wp\/v2\/posts"}],"about":[{"href":"https:\/\/linitiative.ca\/International\/wp-json\/wp\/v2\/types\/post"}],"author":[{"embeddable":true,"href":"https:\/\/linitiative.ca\/International\/wp-json\/wp\/v2\/users\/1790"}],"replies":[{"embeddable":true,"href":"https:\/\/linitiative.ca\/International\/wp-json\/wp\/v2\/comments?post=69027"}],"version-history":[{"count":0,"href":"https:\/\/linitiative.ca\/International\/wp-json\/wp\/v2\/posts\/69027\/revisions"}],"wp:attachment":[{"href":"https:\/\/linitiative.ca\/International\/wp-json\/wp\/v2\/media?parent=69027"}],"wp:term":[{"taxonomy":"category","embeddable":true,"href":"https:\/\/linitiative.ca\/International\/wp-json\/wp\/v2\/categories?post=69027"},{"taxonomy":"post_tag","embeddable":true,"href":"https:\/\/linitiative.ca\/International\/wp-json\/wp\/v2\/tags?post=69027"}],"curies":[{"name":"wp","href":"https:\/\/api.w.org\/{rel}","templated":true}]}}