{"id":69031,"date":"2019-12-01T07:11:00","date_gmt":"2019-12-01T12:11:00","guid":{"rendered":"https:\/\/linitiative.ca\/International\/important-rassemblement-des-journalistes-devant-la-maison-de-la-presse\/"},"modified":"2019-12-01T07:11:00","modified_gmt":"2019-12-01T12:11:00","slug":"important-rassemblement-des-journalistes-devant-la-maison-de-la-presse","status":"publish","type":"post","link":"https:\/\/linitiative.ca\/International\/important-rassemblement-des-journalistes-devant-la-maison-de-la-presse\/","title":{"rendered":"Important rassemblement des journalistes devant la maison de la presse"},"content":{"rendered":"<div id=\"originalText\" readability=\"54.282208589\">\n<p>Un important rassemblement a \u00e9t\u00e9 organis\u00e9 dans la matin\u00e9e de ce dimanche, avec la participation d&rsquo;une centaine de journalistes, \u00e0 la maison de la presse Tahar Djaout, au 1er mai, \u00e0 Alger, pour soutenir leurs confr\u00e8res du groupe M\u00e9dias Temps Nouveaux.<\/p>\n<p>Il s&rsquo;agit, en effet,\u00a0de <strong><a href=\"https:\/\/www.liberte-algerie.com\/actualite\/la-direction-suspend-21-journalistes-329109\" target=\"_blank\" rel=\"noopener noreferrer\"><span class=\"c6\">21 journalistes suspendus<\/span><\/a><\/strong> par leur direction, mercredi dernier.<\/p>\n<p>Les participants au rassemblement ont\u00a0d\u00e9nonc\u00e9 la censure et la d\u00e9sinformation, aux cris de \u00ab\u00a0\u00e0 bas la r\u00e9pression, libert\u00e9 d\u2019expression\u00a0\u00bb, \u00ab\u00a0Presse libre et d\u00e9mocratique\u00a0!\u00a0\u00bb.<\/p>\n<p>\u00abNous d\u00e9non\u00e7ons\u00a0la d\u00e9cision arbitraire du directeur, c\u2019est aux journalistes de d\u00e9terminer la ligne \u00e9ditoriale et non pas au directeur d\u2019imposer ses opinions \u00e0 la majorit\u00e9 des journalistes\u00a0\u00bb, a d\u00e9clar\u00e9 le journaliste A\u00efssa Moussi \u00e0 Libert\u00e9.<\/p>\n<p><iframe loading=\"lazy\" allowfullscreen=\"true\" allowtransparency=\"true\" frameborder=\"0\" height=\"315\" scrolling=\"no\" src=\"https:\/\/www.facebook.com\/plugins\/video.php?href=https%3A%2F%2Fwww.facebook.com%2FLiberte.arabic%2Fvideos%2F442781663078558%2F&#038;show_text=0&#038;width=560\" class=\"c7\" width=\"560\">[embedded content]<\/iframe><\/p>\n<p class=\"c8\"><strong>Sihem BENMALEK<\/strong><\/p>\n<\/div>\n<div id=\"text_core\" readability=\"54.282208589\">\n<p>Un important rassemblement a \u00e9t\u00e9 organis\u00e9 dans la matin\u00e9e de ce dimanche, avec la participation d&rsquo;une centaine de journalistes, \u00e0 la maison de la presse Tahar Djaout, au 1er mai, \u00e0 Alger, pour soutenir leurs confr\u00e8res du groupe M\u00e9dias Temps Nouveaux.<\/p>\n<p>Il s&rsquo;agit, en effet,\u00a0de <strong><a href=\"https:\/\/www.liberte-algerie.com\/actualite\/la-direction-suspend-21-journalistes-329109\" target=\"_blank\" rel=\"noopener noreferrer\"><span class=\"c6\">21 journalistes suspendus<\/span><\/a><\/strong> par leur direction, mercredi dernier.<\/p>\n<p>Les participants au rassemblement ont\u00a0d\u00e9nonc\u00e9 la censure et la d\u00e9sinformation, aux cris de \u00ab\u00a0\u00e0 bas la r\u00e9pression, libert\u00e9 d\u2019expression\u00a0\u00bb, \u00ab\u00a0Presse libre et d\u00e9mocratique\u00a0!\u00a0\u00bb.<\/p>\n<p>\u00abNous d\u00e9non\u00e7ons\u00a0la d\u00e9cision arbitraire du directeur, c\u2019est aux journalistes de d\u00e9terminer la ligne \u00e9ditoriale et non pas au directeur d\u2019imposer ses opinions \u00e0 la majorit\u00e9 des journalistes\u00a0\u00bb, a d\u00e9clar\u00e9 le journaliste A\u00efssa Moussi \u00e0 Libert\u00e9.<\/p>\n<p><iframe loading=\"lazy\" allowfullscreen=\"true\" allowtransparency=\"true\" frameborder=\"0\" height=\"315\" scrolling=\"no\" src=\"https:\/\/www.facebook.com\/plugins\/video.php?href=https%3A%2F%2Fwww.facebook.com%2FLiberte.arabic%2Fvideos%2F442781663078558%2F&#038;show_text=0&#038;width=560\" class=\"c7\" width=\"560\">[embedded content]<\/iframe><\/p>\n<p class=\"c8\"><strong>Sihem BENMALEK<\/strong><\/p>\n<\/div>\n<p>Auteur:<br \/>\n<a href=\"https:\/\/www.liberte-algerie.com\/actualite\/important-rassemblement-des-journalistes-devant-la-maison-de-la-presse-329209\">Cliquez ici pour lire l&rsquo;article depuis sa source.<\/a><\/p>\n","protected":false},"excerpt":{"rendered":"<p>Un important rassemblement a \u00e9t\u00e9 organis\u00e9 dans la matin\u00e9e de ce dimanche, avec la participation d&rsquo;une centaine de journalistes, \u00e0 la maison de la presse Tahar Djaout, au 1er mai, \u00e0 Alger, pour soutenir leurs confr\u00e8res du groupe M\u00e9dias Temps Nouveaux. Il s&rsquo;agit, en effet,\u00a0de 21 journalistes suspendus par leur direction, mercredi dernier. Les participants [&hellip;]<\/p>\n","protected":false},"author":1742,"featured_media":0,"comment_status":"closed","ping_status":"closed","sticky":false,"template":"","format":"standard","meta":{"fifu_image_url":"","fifu_image_alt":"","footnotes":""},"categories":[73,53],"tags":[],"class_list":["post-69031","post","type-post","status-publish","format-standard","hentry","category-actualite","category-algerie"],"_links":{"self":[{"href":"https:\/\/linitiative.ca\/International\/wp-json\/wp\/v2\/posts\/69031","targetHints":{"allow":["GET"]}}],"collection":[{"href":"https:\/\/linitiative.ca\/International\/wp-json\/wp\/v2\/posts"}],"about":[{"href":"https:\/\/linitiative.ca\/International\/wp-json\/wp\/v2\/types\/post"}],"author":[{"embeddable":true,"href":"https:\/\/linitiative.ca\/International\/wp-json\/wp\/v2\/users\/1742"}],"replies":[{"embeddable":true,"href":"https:\/\/linitiative.ca\/International\/wp-json\/wp\/v2\/comments?post=69031"}],"version-history":[{"count":0,"href":"https:\/\/linitiative.ca\/International\/wp-json\/wp\/v2\/posts\/69031\/revisions"}],"wp:attachment":[{"href":"https:\/\/linitiative.ca\/International\/wp-json\/wp\/v2\/media?parent=69031"}],"wp:term":[{"taxonomy":"category","embeddable":true,"href":"https:\/\/linitiative.ca\/International\/wp-json\/wp\/v2\/categories?post=69031"},{"taxonomy":"post_tag","embeddable":true,"href":"https:\/\/linitiative.ca\/International\/wp-json\/wp\/v2\/tags?post=69031"}],"curies":[{"name":"wp","href":"https:\/\/api.w.org\/{rel}","templated":true}]}}