{"id":69033,"date":"2019-12-01T10:04:00","date_gmt":"2019-12-01T15:04:00","guid":{"rendered":"https:\/\/linitiative.ca\/International\/la-mobilisation-contre-les-elections-reste-de-mise\/"},"modified":"2019-12-01T10:04:00","modified_gmt":"2019-12-01T15:04:00","slug":"la-mobilisation-contre-les-elections-reste-de-mise","status":"publish","type":"post","link":"https:\/\/linitiative.ca\/International\/la-mobilisation-contre-les-elections-reste-de-mise\/","title":{"rendered":"La mobilisation contre les \u00e9lections reste de mise"},"content":{"rendered":"<div id=\"originalText\" readability=\"54\">\n<p>Des centaines de citoyens\u00a0se sont donn\u00e9s rendez-vous aujourd\u2019hui, pour le troisi\u00e8me dimanche cons\u00e9cutif, devant le Campus de Hasnaoua de l\u2019universit\u00e9 Mouloud Mammeri, pour marcher jusqu&rsquo;\u00e0 la Place des Oliviers, au centre-ville.<\/p>\n<p>Les manifestants ont scand\u00e9 des slogans\u00a0contre les \u00e9lections \u00ab\u00a0ulach l\u2019vote ulach\u00a0\u00bb,\u00ab\u00a0nous ne voterons pas\u00a0\u00bb\u00a0et ont r\u00e9clam\u00e9, encore une fois, la lib\u00e9ration des d\u00e9tenus du mouvement populaire.<\/p>\n<p>\u00c0 signaler que la marche a \u00e9t\u00e9 bien organis\u00e9e et\u00a0s\u2019est d\u00e9roul\u00e9e dans un climat pacifique en l\u2019absence des forces de l\u2019ordre.<\/p>\n<p>Pour rappel, la rue \u00e0 Tizi Ouzou n\u2019 a pas\u00a0connu de r\u00e9pit ces derniers jours. La ville a connu une semaine mouvement\u00e9e avec les diff\u00e9rentes marches organis\u00e9es par les \u00e9tudiants, les travailleurs et les avocats locaux.<\/p>\n<p class=\"c6\"><strong>Kenza Sifi<\/strong><\/p>\n<\/div>\n<div id=\"text_core\" readability=\"54\">\n<p>Des centaines de citoyens\u00a0se sont donn\u00e9s rendez-vous aujourd\u2019hui, pour le troisi\u00e8me dimanche cons\u00e9cutif, devant le Campus de Hasnaoua de l\u2019universit\u00e9 Mouloud Mammeri, pour marcher jusqu&rsquo;\u00e0 la Place des Oliviers, au centre-ville.<\/p>\n<p>Les manifestants ont scand\u00e9 des slogans\u00a0contre les \u00e9lections \u00ab\u00a0ulach l\u2019vote ulach\u00a0\u00bb,\u00ab\u00a0nous ne voterons pas\u00a0\u00bb\u00a0et ont r\u00e9clam\u00e9, encore une fois, la lib\u00e9ration des d\u00e9tenus du mouvement populaire.<\/p>\n<p>\u00c0 signaler que la marche a \u00e9t\u00e9 bien organis\u00e9e et\u00a0s\u2019est d\u00e9roul\u00e9e dans un climat pacifique en l\u2019absence des forces de l\u2019ordre.<\/p>\n<p>Pour rappel, la rue \u00e0 Tizi Ouzou n\u2019 a pas\u00a0connu de r\u00e9pit ces derniers jours. La ville a connu une semaine mouvement\u00e9e avec les diff\u00e9rentes marches organis\u00e9es par les \u00e9tudiants, les travailleurs et les avocats locaux.<\/p>\n<p class=\"c6\"><strong>Kenza Sifi<\/strong><\/p>\n<\/div>\n<p>Auteur:<br \/>\n<a href=\"https:\/\/www.liberte-algerie.com\/actualite\/la-mobilisation-contre-les-elections-reste-de-mise-329212\">Cliquez ici pour lire l&rsquo;article depuis sa source.<\/a><\/p>\n","protected":false},"excerpt":{"rendered":"<p>Des centaines de citoyens\u00a0se sont donn\u00e9s rendez-vous aujourd\u2019hui, pour le troisi\u00e8me dimanche cons\u00e9cutif, devant le Campus de Hasnaoua de l\u2019universit\u00e9 Mouloud Mammeri, pour marcher jusqu&rsquo;\u00e0 la Place des Oliviers, au centre-ville. Les manifestants ont scand\u00e9 des slogans\u00a0contre les \u00e9lections \u00ab\u00a0ulach l\u2019vote ulach\u00a0\u00bb,\u00ab\u00a0nous ne voterons pas\u00a0\u00bb\u00a0et ont r\u00e9clam\u00e9, encore une fois, la lib\u00e9ration des d\u00e9tenus du [&hellip;]<\/p>\n","protected":false},"author":1742,"featured_media":0,"comment_status":"closed","ping_status":"closed","sticky":false,"template":"","format":"standard","meta":{"fifu_image_url":"","fifu_image_alt":"","footnotes":""},"categories":[73,53],"tags":[],"class_list":["post-69033","post","type-post","status-publish","format-standard","hentry","category-actualite","category-algerie"],"_links":{"self":[{"href":"https:\/\/linitiative.ca\/International\/wp-json\/wp\/v2\/posts\/69033","targetHints":{"allow":["GET"]}}],"collection":[{"href":"https:\/\/linitiative.ca\/International\/wp-json\/wp\/v2\/posts"}],"about":[{"href":"https:\/\/linitiative.ca\/International\/wp-json\/wp\/v2\/types\/post"}],"author":[{"embeddable":true,"href":"https:\/\/linitiative.ca\/International\/wp-json\/wp\/v2\/users\/1742"}],"replies":[{"embeddable":true,"href":"https:\/\/linitiative.ca\/International\/wp-json\/wp\/v2\/comments?post=69033"}],"version-history":[{"count":0,"href":"https:\/\/linitiative.ca\/International\/wp-json\/wp\/v2\/posts\/69033\/revisions"}],"wp:attachment":[{"href":"https:\/\/linitiative.ca\/International\/wp-json\/wp\/v2\/media?parent=69033"}],"wp:term":[{"taxonomy":"category","embeddable":true,"href":"https:\/\/linitiative.ca\/International\/wp-json\/wp\/v2\/categories?post=69033"},{"taxonomy":"post_tag","embeddable":true,"href":"https:\/\/linitiative.ca\/International\/wp-json\/wp\/v2\/tags?post=69033"}],"curies":[{"name":"wp","href":"https:\/\/api.w.org\/{rel}","templated":true}]}}