{"id":69036,"date":"2019-12-01T12:07:40","date_gmt":"2019-12-01T17:07:40","guid":{"rendered":"https:\/\/linitiative.ca\/International\/reception-de-plus-de-1-000-logements-sociaux-dans-la-capitale-avant-fin-2019\/"},"modified":"2019-12-01T12:07:40","modified_gmt":"2019-12-01T17:07:40","slug":"reception-de-plus-de-1-000-logements-sociaux-dans-la-capitale-avant-fin-2019","status":"publish","type":"post","link":"https:\/\/linitiative.ca\/International\/reception-de-plus-de-1-000-logements-sociaux-dans-la-capitale-avant-fin-2019\/","title":{"rendered":"R\u00e9ception de plus de 1.000 logements sociaux dans la capitale avant fin 2019"},"content":{"rendered":"<div readability=\"38\">\n<p>ALGER- Plus de 1.000 logements sociaux seront r\u00e9ceptionn\u00e9s avant fin 2019 dans la capitale dans le cadre du lancement de la 26e op\u00e9ration de relogement, a annonc\u00e9, dimanche \u00e0 Alger, le wali-d\u00e9l\u00e9gu\u00e9 de la circonscription administrative d&rsquo;Hussein Dey, Said Sayoud.<\/p>\n<\/div>\n<div readability=\"72\">\n<p>\u00ab\u00a0Plus de 1.000 logements sociaux sont pr\u00eats \u00e0 \u00eatre distribu\u00e9s dans le cadre de la 26e op\u00e9ration de relogement dans la wilaya d&rsquo;Alger\u00a0\u00bb, a pr\u00e9cis\u00e9 le wali-d\u00e9l\u00e9gu\u00e9 d&rsquo;Hussein Dey, ajoutant que les am\u00e9nagements ext\u00e9rieurs \u00e9taient en cours.<\/p>\n<p>Suspendus momentan\u00e9ment \u00e0 cause des intemp\u00e9ries, les travaux d&rsquo;am\u00e9nagement \u00ab\u00a0reprendront cette semaine\u00a0\u00bb pour parachever les d\u00e9tails techniques qui restent, notamment le raccordement des logements aux r\u00e9seaux de gaz et d&rsquo;\u00e9lectricit\u00e9, l&rsquo;am\u00e9nagement des espaces verts et le bitumage des routes, a encore pr\u00e9cis\u00e9 M. Sayoud.<\/p>\n<blockquote readability=\"7\">\n<p><em><strong>Le responsable a \u00e9galement indiqu\u00e9 que la wilaya d&rsquo;Alger r\u00e9ceptionnera \u00e0 la fin de l&rsquo;ann\u00e9e plus de 500 logements participatifs, dont 252 unit\u00e9s \u00e0 El-Achour et 200 dans la commune de Staoueli.<\/strong><\/em><\/p>\n<\/blockquote>\n<p>Il a, par ailleurs, fait \u00e9tat du parach\u00e8vement du projet de 548 logements \u00e0 Staoueli qui devrait, selon lui, \u00ab\u00a0\u00eatre livr\u00e9 dans les tout prochains jours\u00a0\u00bb.<\/p>\n<p>Le wali d&rsquo;Alger, Abdekhalek Sayouda, avait pr\u00e9cis\u00e9, il y a quelques jours, que 17.224 logements, toutes formules confondues, avaient \u00e9t\u00e9 livr\u00e9s et 14.351 unit\u00e9s distribu\u00e9es \u00e0 ce jour dans la wilaya d&rsquo;Alger.<\/p>\n<p>Les familles occupant des terrasses et des caves d&rsquo;immeubles et des logements exigus dans les quartiers de Bab El-Oued, Hussein Dey, Belouizdad et la Casbah b\u00e9n\u00e9ficieront prochainement d&rsquo;un quota de logements, avait annonc\u00e9 le wali d&rsquo;Alger lors de sa derni\u00e8re r\u00e9union avec les membres de l&rsquo;Assembl\u00e9e populaire de wilaya.<\/p>\n<\/div>\n<p>Auteur:<br \/>\n<a href=\"http:\/\/www.aps.dz\/regions\/98296-reception-de-plus-de-1-000-logements-sociaux-dans-la-capitale-avant-fin-2019\">Cliquez ici pour lire l&rsquo;article depuis sa source.<\/a><\/p>\n","protected":false},"excerpt":{"rendered":"<p>ALGER- Plus de 1.000 logements sociaux seront r\u00e9ceptionn\u00e9s avant fin 2019 dans la capitale dans le cadre du lancement de la 26e op\u00e9ration de relogement, a annonc\u00e9, dimanche \u00e0 Alger, le wali-d\u00e9l\u00e9gu\u00e9 de la circonscription administrative d&rsquo;Hussein Dey, Said Sayoud. \u00ab\u00a0Plus de 1.000 logements sociaux sont pr\u00eats \u00e0 \u00eatre distribu\u00e9s dans le cadre de la [&hellip;]<\/p>\n","protected":false},"author":1790,"featured_media":0,"comment_status":"closed","ping_status":"closed","sticky":false,"template":"","format":"standard","meta":{"fifu_image_url":"","fifu_image_alt":"","footnotes":""},"categories":[53,76],"tags":[],"class_list":["post-69036","post","type-post","status-publish","format-standard","hentry","category-algerie","category-regions"],"_links":{"self":[{"href":"https:\/\/linitiative.ca\/International\/wp-json\/wp\/v2\/posts\/69036","targetHints":{"allow":["GET"]}}],"collection":[{"href":"https:\/\/linitiative.ca\/International\/wp-json\/wp\/v2\/posts"}],"about":[{"href":"https:\/\/linitiative.ca\/International\/wp-json\/wp\/v2\/types\/post"}],"author":[{"embeddable":true,"href":"https:\/\/linitiative.ca\/International\/wp-json\/wp\/v2\/users\/1790"}],"replies":[{"embeddable":true,"href":"https:\/\/linitiative.ca\/International\/wp-json\/wp\/v2\/comments?post=69036"}],"version-history":[{"count":0,"href":"https:\/\/linitiative.ca\/International\/wp-json\/wp\/v2\/posts\/69036\/revisions"}],"wp:attachment":[{"href":"https:\/\/linitiative.ca\/International\/wp-json\/wp\/v2\/media?parent=69036"}],"wp:term":[{"taxonomy":"category","embeddable":true,"href":"https:\/\/linitiative.ca\/International\/wp-json\/wp\/v2\/categories?post=69036"},{"taxonomy":"post_tag","embeddable":true,"href":"https:\/\/linitiative.ca\/International\/wp-json\/wp\/v2\/tags?post=69036"}],"curies":[{"name":"wp","href":"https:\/\/api.w.org\/{rel}","templated":true}]}}