{"id":69041,"date":"2019-12-01T15:14:00","date_gmt":"2019-12-01T20:14:00","guid":{"rendered":"https:\/\/linitiative.ca\/International\/pros-monaco-un-coup-du-sort-permet-a-slimani-de-ne-pas-manquer-le-match-face-au-psg\/"},"modified":"2019-12-01T15:14:00","modified_gmt":"2019-12-01T20:14:00","slug":"pros-monaco-un-coup-du-sort-permet-a-slimani-de-ne-pas-manquer-le-match-face-au-psg","status":"publish","type":"post","link":"https:\/\/linitiative.ca\/International\/pros-monaco-un-coup-du-sort-permet-a-slimani-de-ne-pas-manquer-le-match-face-au-psg\/","title":{"rendered":"Pros : Monaco : Un coup du sort permet \u00e0 Slimani de ne pas manquer le match face au PSG ?"},"content":{"rendered":"<div readability=\"32\">\n<p>Auteur : <span class=\"time\">dimanche 01 d\u00e9cembre 2019 13:16<\/span><\/p>\n<\/div>\n<div id=\"post_core\" readability=\"39\">\n<p>Les Mon\u00e9gasques et les Parisiens ne s&rsquo;affronteront pas ce dimanche soir en cl\u00f4ture de la 15e journ\u00e9e de Ligue 1 fran\u00e7aise. La d\u00e9cision vient d&rsquo;\u00eatre prise par les autorit\u00e9s suite aux intemp\u00e9ries touchant le sud-est de la France. Le PSG et Monaco rejouant en milieu de semaine prochaine, leur match du soir ne sera pas report\u00e9 demain comme l&rsquo;indique Dailymercato.<\/p>\n<p>On ne conna\u00eet pas encore la date \u00e0 laquelle il se rejouera mais ce sera selon toute vraisemblance en 2020.\u00a0<\/p>\n<p><strong>Publi\u00e9 dans :<\/strong> <span>monaco<\/span><\/p>\n<\/div>\n<p>Auteur:<br \/>\n<a href=\"http:\/\/www.lebuteur.com\/article\/detail?titre=monaco-un-coup-du-sort-permet-a-slimani-de-ne-pas-manquer-le-match-face-au-psg&#038;id=93289&#038;utm_source=feedburner&#038;utm_medium=feed&#038;utm_campaign=Feed%3A+GalerieFArtciles+%28Les+derniers+articles++-+lebuteur.com%29\">Cliquez ici pour lire l&rsquo;article depuis sa source.<\/a><\/p>\n","protected":false},"excerpt":{"rendered":"<p>Auteur : dimanche 01 d\u00e9cembre 2019 13:16 Les Mon\u00e9gasques et les Parisiens ne s&rsquo;affronteront pas ce dimanche soir en cl\u00f4ture de la 15e journ\u00e9e de Ligue 1 fran\u00e7aise. La d\u00e9cision vient d&rsquo;\u00eatre prise par les autorit\u00e9s suite aux intemp\u00e9ries touchant le sud-est de la France. Le PSG et Monaco rejouant en milieu de semaine prochaine, [&hellip;]<\/p>\n","protected":false},"author":1738,"featured_media":69042,"comment_status":"closed","ping_status":"closed","sticky":false,"template":"","format":"standard","meta":{"fifu_image_url":"","fifu_image_alt":"","footnotes":""},"categories":[53,75],"tags":[],"class_list":["post-69041","post","type-post","status-publish","format-standard","has-post-thumbnail","hentry","category-algerie","category-sport"],"_links":{"self":[{"href":"https:\/\/linitiative.ca\/International\/wp-json\/wp\/v2\/posts\/69041","targetHints":{"allow":["GET"]}}],"collection":[{"href":"https:\/\/linitiative.ca\/International\/wp-json\/wp\/v2\/posts"}],"about":[{"href":"https:\/\/linitiative.ca\/International\/wp-json\/wp\/v2\/types\/post"}],"author":[{"embeddable":true,"href":"https:\/\/linitiative.ca\/International\/wp-json\/wp\/v2\/users\/1738"}],"replies":[{"embeddable":true,"href":"https:\/\/linitiative.ca\/International\/wp-json\/wp\/v2\/comments?post=69041"}],"version-history":[{"count":0,"href":"https:\/\/linitiative.ca\/International\/wp-json\/wp\/v2\/posts\/69041\/revisions"}],"wp:featuredmedia":[{"embeddable":true,"href":"https:\/\/linitiative.ca\/International\/wp-json\/"}],"wp:attachment":[{"href":"https:\/\/linitiative.ca\/International\/wp-json\/wp\/v2\/media?parent=69041"}],"wp:term":[{"taxonomy":"category","embeddable":true,"href":"https:\/\/linitiative.ca\/International\/wp-json\/wp\/v2\/categories?post=69041"},{"taxonomy":"post_tag","embeddable":true,"href":"https:\/\/linitiative.ca\/International\/wp-json\/wp\/v2\/tags?post=69041"}],"curies":[{"name":"wp","href":"https:\/\/api.w.org\/{rel}","templated":true}]}}