{"id":69043,"date":"2019-12-01T15:14:02","date_gmt":"2019-12-01T20:14:02","guid":{"rendered":"https:\/\/linitiative.ca\/International\/international-inter-milan-la-reponse-franche-dantonio-conte-sur-gabigol\/"},"modified":"2019-12-01T15:14:02","modified_gmt":"2019-12-01T20:14:02","slug":"international-inter-milan-la-reponse-franche-dantonio-conte-sur-gabigol","status":"publish","type":"post","link":"https:\/\/linitiative.ca\/International\/international-inter-milan-la-reponse-franche-dantonio-conte-sur-gabigol\/","title":{"rendered":"International : Inter Milan\u00a0: La r\u00e9ponse franche d\u2019Antonio Conte sur Gabigol"},"content":{"rendered":"<div readability=\"32\">\n<p>Auteur : <span class=\"time\">dimanche 01 d\u00e9cembre 2019 14:30<\/span><\/p>\n<\/div>\n<div id=\"post_core\" readability=\"50\">\n<p>Avec seulement 1 but en 10 matches et seulement 183 minutes de jeu au compteur, le natif de S\u00e3o Bernardo do Campo a ensuite \u00e9t\u00e9 pr\u00eat\u00e9 sans r\u00e9ussite \u00e0 Benfica avant de retrouver ses sensations avec Flamengo. Double buteur victorieux en finale de la Copa Libertadores, celui qui avait co\u00fbt\u00e9 29,5 millions d\u2019euros il y a 3 ans et demi s\u2019est parfaitement relanc\u00e9. De l\u00e0 \u00e0 imaginer un retour en gr\u00e2ce\u00a0? La situation s\u2019annonce moins \u00e9vidente.<\/p>\n<p>Alors que la tendance est plut\u00f4t \u00e0 une vente, Antonio Conte a livr\u00e9 une r\u00e9ponse franche : \u00ab\u00a0Gabigol\u00a0? Marotta a d\u00e9j\u00e0 r\u00e9pondu sur le sujet avant le match contre le Slavia Prague. Le club a des id\u00e9es claires sur ce sujet. Ensuite, comme je le dis toujours, j\u2019aime parler de mes joueurs. Avec tout le respect que je vous dois, je suis heureux pour lui, mais je ne le consid\u00e8re pas comme un joueur \u00e0 part enti\u00e8re et parler de lui maintenant reviendrait \u00e0 manquer de respect \u00e0 mes joueurs.\u00a0\u00bb Des propos relay\u00e9s par Footmercato.<\/p>\n<p><strong>Publi\u00e9 dans :<\/strong> <span>Inter<\/span> <span>Conte<\/span> <span>Gabigol<\/span><\/p>\n<\/div>\n<p>Auteur:<br \/>\n<a href=\"http:\/\/www.lebuteur.com\/article\/detail?titre=inter-milan%C2%A0-la-reponse-franche-dantonio-conte-sur-gabigol&#038;id=93290&#038;utm_source=feedburner&#038;utm_medium=feed&#038;utm_campaign=Feed%3A+GalerieFArtciles+%28Les+derniers+articles++-+lebuteur.com%29\">Cliquez ici pour lire l&rsquo;article depuis sa source.<\/a><\/p>\n","protected":false},"excerpt":{"rendered":"<p>Auteur : dimanche 01 d\u00e9cembre 2019 14:30 Avec seulement 1 but en 10 matches et seulement 183 minutes de jeu au compteur, le natif de S\u00e3o Bernardo do Campo a ensuite \u00e9t\u00e9 pr\u00eat\u00e9 sans r\u00e9ussite \u00e0 Benfica avant de retrouver ses sensations avec Flamengo. Double buteur victorieux en finale de la Copa Libertadores, celui qui [&hellip;]<\/p>\n","protected":false},"author":1738,"featured_media":69044,"comment_status":"closed","ping_status":"closed","sticky":false,"template":"","format":"standard","meta":{"fifu_image_url":"","fifu_image_alt":"","footnotes":""},"categories":[53,75],"tags":[],"class_list":["post-69043","post","type-post","status-publish","format-standard","has-post-thumbnail","hentry","category-algerie","category-sport"],"_links":{"self":[{"href":"https:\/\/linitiative.ca\/International\/wp-json\/wp\/v2\/posts\/69043","targetHints":{"allow":["GET"]}}],"collection":[{"href":"https:\/\/linitiative.ca\/International\/wp-json\/wp\/v2\/posts"}],"about":[{"href":"https:\/\/linitiative.ca\/International\/wp-json\/wp\/v2\/types\/post"}],"author":[{"embeddable":true,"href":"https:\/\/linitiative.ca\/International\/wp-json\/wp\/v2\/users\/1738"}],"replies":[{"embeddable":true,"href":"https:\/\/linitiative.ca\/International\/wp-json\/wp\/v2\/comments?post=69043"}],"version-history":[{"count":0,"href":"https:\/\/linitiative.ca\/International\/wp-json\/wp\/v2\/posts\/69043\/revisions"}],"wp:featuredmedia":[{"embeddable":true,"href":"https:\/\/linitiative.ca\/International\/wp-json\/"}],"wp:attachment":[{"href":"https:\/\/linitiative.ca\/International\/wp-json\/wp\/v2\/media?parent=69043"}],"wp:term":[{"taxonomy":"category","embeddable":true,"href":"https:\/\/linitiative.ca\/International\/wp-json\/wp\/v2\/categories?post=69043"},{"taxonomy":"post_tag","embeddable":true,"href":"https:\/\/linitiative.ca\/International\/wp-json\/wp\/v2\/tags?post=69043"}],"curies":[{"name":"wp","href":"https:\/\/api.w.org\/{rel}","templated":true}]}}