{"id":69047,"date":"2019-12-01T15:14:05","date_gmt":"2019-12-01T20:14:05","guid":{"rendered":"https:\/\/linitiative.ca\/International\/pros-milan-ac-bennacer-fete-son-anniversaire-par-une-victoire-face-a-parme\/"},"modified":"2019-12-01T15:14:05","modified_gmt":"2019-12-01T20:14:05","slug":"pros-milan-ac-bennacer-fete-son-anniversaire-par-une-victoire-face-a-parme","status":"publish","type":"post","link":"https:\/\/linitiative.ca\/International\/pros-milan-ac-bennacer-fete-son-anniversaire-par-une-victoire-face-a-parme\/","title":{"rendered":"Pros : Milan AC : Bennacer f\u00eate son anniversaire par une victoire face \u00e0 Parme"},"content":{"rendered":"<div readability=\"32\">\n<p>Auteur : <span class=\"time\">dimanche 01 d\u00e9cembre 2019 19:53<\/span><\/p>\n<\/div>\n<div id=\"post_core\" readability=\"42\">\n<p>Le Milan AC s&rsquo;est difficilement impos\u00e9 face \u00e0 Parme (1-0) ce dimanche \u00e0 l&rsquo;occasion \u00e0 l&rsquo;occasion de cette 14\u00e8me journ\u00e9e de championnat. Il a fallu attendre la 88e minute pour voir un but, et il a \u00e9t\u00e9 l&rsquo;oeuvre du Fran\u00e7ais Theo Hernandez, titularis\u00e9 ce dimanche par l&rsquo;entra\u00eeneur Stefano Pioli au poste d&rsquo;arri\u00e8re gauche comme l&rsquo;indique L&rsquo;Equipe. Les Rossoneri, quatorzi\u00e8mes avant le match, remontent \u00e0 la onzi\u00e8me place de Serie A, avec 17 points. Titulaire pour ce match, Bennacer s&rsquo;est montr\u00e9 pr\u00e9cieux pour son \u00e9quipe en \u00e9tant notamment le deuxi\u00e8me joueur a avoir couvert le plus de distance pour le Milan (11,4 km). Il a \u00e9galement tent\u00e9 5 dribbles dont 4 r\u00e9ussis.<\/p>\n<p><strong>Publi\u00e9 dans :<\/strong> <span>Milan AC<\/span><\/p>\n<\/div>\n<p>Auteur:<br \/>\n<a href=\"http:\/\/www.lebuteur.com\/article\/detail?titre=milan-ac-bennacer-fete-son-anniversaire-par-une-victoire-face-a-parme&#038;id=93292&#038;utm_source=feedburner&#038;utm_medium=feed&#038;utm_campaign=Feed%3A+GalerieFArtciles+%28Les+derniers+articles++-+lebuteur.com%29\">Cliquez ici pour lire l&rsquo;article depuis sa source.<\/a><\/p>\n","protected":false},"excerpt":{"rendered":"<p>Auteur : dimanche 01 d\u00e9cembre 2019 19:53 Le Milan AC s&rsquo;est difficilement impos\u00e9 face \u00e0 Parme (1-0) ce dimanche \u00e0 l&rsquo;occasion \u00e0 l&rsquo;occasion de cette 14\u00e8me journ\u00e9e de championnat. Il a fallu attendre la 88e minute pour voir un but, et il a \u00e9t\u00e9 l&rsquo;oeuvre du Fran\u00e7ais Theo Hernandez, titularis\u00e9 ce dimanche par l&rsquo;entra\u00eeneur Stefano [&hellip;]<\/p>\n","protected":false},"author":1738,"featured_media":69048,"comment_status":"closed","ping_status":"closed","sticky":false,"template":"","format":"standard","meta":{"fifu_image_url":"","fifu_image_alt":"","footnotes":""},"categories":[53,75],"tags":[],"class_list":["post-69047","post","type-post","status-publish","format-standard","has-post-thumbnail","hentry","category-algerie","category-sport"],"_links":{"self":[{"href":"https:\/\/linitiative.ca\/International\/wp-json\/wp\/v2\/posts\/69047","targetHints":{"allow":["GET"]}}],"collection":[{"href":"https:\/\/linitiative.ca\/International\/wp-json\/wp\/v2\/posts"}],"about":[{"href":"https:\/\/linitiative.ca\/International\/wp-json\/wp\/v2\/types\/post"}],"author":[{"embeddable":true,"href":"https:\/\/linitiative.ca\/International\/wp-json\/wp\/v2\/users\/1738"}],"replies":[{"embeddable":true,"href":"https:\/\/linitiative.ca\/International\/wp-json\/wp\/v2\/comments?post=69047"}],"version-history":[{"count":0,"href":"https:\/\/linitiative.ca\/International\/wp-json\/wp\/v2\/posts\/69047\/revisions"}],"wp:featuredmedia":[{"embeddable":true,"href":"https:\/\/linitiative.ca\/International\/wp-json\/"}],"wp:attachment":[{"href":"https:\/\/linitiative.ca\/International\/wp-json\/wp\/v2\/media?parent=69047"}],"wp:term":[{"taxonomy":"category","embeddable":true,"href":"https:\/\/linitiative.ca\/International\/wp-json\/wp\/v2\/categories?post=69047"},{"taxonomy":"post_tag","embeddable":true,"href":"https:\/\/linitiative.ca\/International\/wp-json\/wp\/v2\/tags?post=69047"}],"curies":[{"name":"wp","href":"https:\/\/api.w.org\/{rel}","templated":true}]}}