{"id":69049,"date":"2019-12-01T15:14:06","date_gmt":"2019-12-01T20:14:06","guid":{"rendered":"https:\/\/linitiative.ca\/International\/pros-mgladbach-bensebaini-titulaire-a-loccasion-de-la-large-victoire-face-a-fribourg\/"},"modified":"2019-12-01T15:14:06","modified_gmt":"2019-12-01T20:14:06","slug":"pros-mgladbach-bensebaini-titulaire-a-loccasion-de-la-large-victoire-face-a-fribourg","status":"publish","type":"post","link":"https:\/\/linitiative.ca\/International\/pros-mgladbach-bensebaini-titulaire-a-loccasion-de-la-large-victoire-face-a-fribourg\/","title":{"rendered":"Pros : M&rsquo;gladbach : Bensebaini titulaire \u00e0 l&rsquo;occasion de la large victoire face \u00e0 Fribourg"},"content":{"rendered":"<div readability=\"32\">\n<p>Auteur : <span class=\"time\">dimanche 01 d\u00e9cembre 2019 20:08<\/span><\/p>\n<\/div>\n<div id=\"post_core\" readability=\"43\">\n<p>Au lendemain de la d\u00e9faite du bayern Munich, le leader du championnat allemand a r\u00e9cup\u00e9r\u00e9 son tr\u00f4ne &#8211; provisoirement emprunt\u00e9 par Leipzig &#8211; en s&rsquo;imposant \u00e0 domicile devant Fribourg comme l&rsquo;indique Sofoot. Si Thuram a tr\u00e8s rapidement ouvert le score au rebond, Schmid lui a r\u00e9pondu dans les secondes qui ont suivi d&rsquo;un coup franc en pleine lunette. Embolo, mis en orbite par Herrmann, a ensuite redonn\u00e9 l&rsquo;avantage au favori juste apr\u00e8s l&rsquo;entracte, mais a rat\u00e9 un penalty dans la foul\u00e9e&#8230; avant de se racheter, en rendant la pareille \u00e0 Herrmann sur une action bien huil\u00e9e.<\/p>\n<p><strong>Publi\u00e9 dans :<\/strong> <span>Bensebaini<\/span><\/p>\n<\/div>\n<p>Auteur:<br \/>\n<a href=\"http:\/\/www.lebuteur.com\/article\/detail?titre=mgladbach-bensebaini-titulaire-a-loccasion-de-la-large-victoire-face-a-fribourg&#038;id=93293&#038;utm_source=feedburner&#038;utm_medium=feed&#038;utm_campaign=Feed%3A+GalerieFArtciles+%28Les+derniers+articles++-+lebuteur.com%29\">Cliquez ici pour lire l&rsquo;article depuis sa source.<\/a><\/p>\n","protected":false},"excerpt":{"rendered":"<p>Auteur : dimanche 01 d\u00e9cembre 2019 20:08 Au lendemain de la d\u00e9faite du bayern Munich, le leader du championnat allemand a r\u00e9cup\u00e9r\u00e9 son tr\u00f4ne &#8211; provisoirement emprunt\u00e9 par Leipzig &#8211; en s&rsquo;imposant \u00e0 domicile devant Fribourg comme l&rsquo;indique Sofoot. Si Thuram a tr\u00e8s rapidement ouvert le score au rebond, Schmid lui a r\u00e9pondu dans les [&hellip;]<\/p>\n","protected":false},"author":1738,"featured_media":69050,"comment_status":"closed","ping_status":"closed","sticky":false,"template":"","format":"standard","meta":{"fifu_image_url":"","fifu_image_alt":"","footnotes":""},"categories":[53,75],"tags":[],"class_list":["post-69049","post","type-post","status-publish","format-standard","has-post-thumbnail","hentry","category-algerie","category-sport"],"_links":{"self":[{"href":"https:\/\/linitiative.ca\/International\/wp-json\/wp\/v2\/posts\/69049","targetHints":{"allow":["GET"]}}],"collection":[{"href":"https:\/\/linitiative.ca\/International\/wp-json\/wp\/v2\/posts"}],"about":[{"href":"https:\/\/linitiative.ca\/International\/wp-json\/wp\/v2\/types\/post"}],"author":[{"embeddable":true,"href":"https:\/\/linitiative.ca\/International\/wp-json\/wp\/v2\/users\/1738"}],"replies":[{"embeddable":true,"href":"https:\/\/linitiative.ca\/International\/wp-json\/wp\/v2\/comments?post=69049"}],"version-history":[{"count":0,"href":"https:\/\/linitiative.ca\/International\/wp-json\/wp\/v2\/posts\/69049\/revisions"}],"wp:featuredmedia":[{"embeddable":true,"href":"https:\/\/linitiative.ca\/International\/wp-json\/"}],"wp:attachment":[{"href":"https:\/\/linitiative.ca\/International\/wp-json\/wp\/v2\/media?parent=69049"}],"wp:term":[{"taxonomy":"category","embeddable":true,"href":"https:\/\/linitiative.ca\/International\/wp-json\/wp\/v2\/categories?post=69049"},{"taxonomy":"post_tag","embeddable":true,"href":"https:\/\/linitiative.ca\/International\/wp-json\/wp\/v2\/tags?post=69049"}],"curies":[{"name":"wp","href":"https:\/\/api.w.org\/{rel}","templated":true}]}}