{"id":69052,"date":"2019-12-01T15:19:13","date_gmt":"2019-12-01T20:19:13","guid":{"rendered":"https:\/\/linitiative.ca\/International\/sfisef-nouvelle-impulsion-a-leconomie-locale\/"},"modified":"2019-12-01T15:19:13","modified_gmt":"2019-12-01T20:19:13","slug":"sfisef-nouvelle-impulsion-a-leconomie-locale","status":"publish","type":"post","link":"https:\/\/linitiative.ca\/International\/sfisef-nouvelle-impulsion-a-leconomie-locale\/","title":{"rendered":"Sfisef :  Nouvelle impulsion \u00e0 l\u2019\u00e9conomie locale"},"content":{"rendered":"<p>La population de Sfisef exprime sa joie suite aux d\u00e9cisions du Conseil des ministres relatives \u00e0 la cr\u00e9ation de 44 wilayas d\u00e9l\u00e9gu\u00e9es. Sfisef a \u00e9t\u00e9 promue \u00e0 ce rang et va b\u00e9n\u00e9ficier de projets d\u2019\u00e9quipement et de structures publiques \u00e0 m\u00eame de servir de fondement pour l\u2019exploitation de ses ressources et la promotion de sa vocation essentiellement agricole, m\u00eame si le secteur touristique peut susciter l\u2019investissement de par l\u2019existence de paysages panoramiques. Ce nouveau statut est effectivement assimil\u00e9 \u00e0 une v\u00e9ritable option pour le d\u00e9collage de cette circonscription. Des terres d\u2019une extr\u00eame fertilit\u00e9 pour d\u00e9velopper toutes les cultures et lancer une industrie agro-alimentaire avec de nombreux emplois \u00e0 la cl\u00e9. Autant d\u2019atouts et de potentialit\u00e9s \u00e0 exploiter et \u00e0 rentabiliser pour faire de cette r\u00e9gion une zone prometteuse \u00e0 la grande joie de sa population si attach\u00e9e \u00e0 son authenticit\u00e9 et reconnaissante \u00e0 l\u2019attention accord\u00e9e par l\u2019Etat \u00e0 son \u00e9panouissement.<br \/>Parall\u00e8lement \u00e0 cet \u00e9v\u00e8nement, les citoyens ont manifest\u00e9 leur soutien au processus \u00e9lectoral et ont rendu hommage \u00e0 l\u2019ANP pour r\u00e9it\u00e9rer son engagement \u00e0 d\u00e9fendre une ligne de conduite balis\u00e9e par la r\u00e9volution de Novembre et \u00e0 perp\u00e9tuer le serment aux martyrs. L\u2019histoire de la r\u00e9sistance de cette r\u00e9gion rel\u00e8ve de cette conformit\u00e9 \u00e0 l\u2019esprit et \u00e0 la mentalit\u00e9 d\u2019une population o\u00f9 l\u2019orgueil guide les comportements.\u00a0\u00a0\u00a0\u00a0\u00a0\u00a0\u00a0\u00a0\u00a0\u00a0\u00a0\u00a0\u00a0\u00a0\u00a0\u00a0\u00a0\u00a0\u00a0\u00a0\u00a0\u00a0\u00a0\u00a0\u00a0\u00a0\u00a0\u00a0\u00a0<br \/>A. Bellaha<\/p>\n<p>Auteur: elmoudjahid<br \/>\n<a href=\"http:\/\/www.elmoudjahid.com\/fr\/actualites\/145221\">Cliquez ici pour lire l&rsquo;article depuis sa source.<\/a><\/p>\n","protected":false},"excerpt":{"rendered":"<p>La population de Sfisef exprime sa joie suite aux d\u00e9cisions du Conseil des ministres relatives \u00e0 la cr\u00e9ation de 44 wilayas d\u00e9l\u00e9gu\u00e9es. Sfisef a \u00e9t\u00e9 promue \u00e0 ce rang et va b\u00e9n\u00e9ficier de projets d\u2019\u00e9quipement et de structures publiques \u00e0 m\u00eame de servir de fondement pour l\u2019exploitation de ses ressources et la promotion de sa [&hellip;]<\/p>\n","protected":false},"author":1744,"featured_media":0,"comment_status":"closed","ping_status":"closed","sticky":false,"template":"","format":"standard","meta":{"fifu_image_url":"","fifu_image_alt":"","footnotes":""},"categories":[73,53],"tags":[],"class_list":["post-69052","post","type-post","status-publish","format-standard","hentry","category-actualite","category-algerie"],"_links":{"self":[{"href":"https:\/\/linitiative.ca\/International\/wp-json\/wp\/v2\/posts\/69052","targetHints":{"allow":["GET"]}}],"collection":[{"href":"https:\/\/linitiative.ca\/International\/wp-json\/wp\/v2\/posts"}],"about":[{"href":"https:\/\/linitiative.ca\/International\/wp-json\/wp\/v2\/types\/post"}],"author":[{"embeddable":true,"href":"https:\/\/linitiative.ca\/International\/wp-json\/wp\/v2\/users\/1744"}],"replies":[{"embeddable":true,"href":"https:\/\/linitiative.ca\/International\/wp-json\/wp\/v2\/comments?post=69052"}],"version-history":[{"count":0,"href":"https:\/\/linitiative.ca\/International\/wp-json\/wp\/v2\/posts\/69052\/revisions"}],"wp:attachment":[{"href":"https:\/\/linitiative.ca\/International\/wp-json\/wp\/v2\/media?parent=69052"}],"wp:term":[{"taxonomy":"category","embeddable":true,"href":"https:\/\/linitiative.ca\/International\/wp-json\/wp\/v2\/categories?post=69052"},{"taxonomy":"post_tag","embeddable":true,"href":"https:\/\/linitiative.ca\/International\/wp-json\/wp\/v2\/tags?post=69052"}],"curies":[{"name":"wp","href":"https:\/\/api.w.org\/{rel}","templated":true}]}}