{"id":69053,"date":"2019-12-01T15:19:15","date_gmt":"2019-12-01T20:19:15","guid":{"rendered":"https:\/\/linitiative.ca\/International\/identification-du-troisieme-terroriste-abattu-en-novembre-a-tipasa\/"},"modified":"2019-12-01T15:19:15","modified_gmt":"2019-12-01T20:19:15","slug":"identification-du-troisieme-terroriste-abattu-en-novembre-a-tipasa","status":"publish","type":"post","link":"https:\/\/linitiative.ca\/International\/identification-du-troisieme-terroriste-abattu-en-novembre-a-tipasa\/","title":{"rendered":"Identification du troisi\u00e8me terroriste abattu en novembre \u00e0 Tipasa"},"content":{"rendered":"<p>Il a \u00e9t\u00e9 proc\u00e9d\u00e9 \u00e0 l&rsquo;identification du troisi\u00e8me terroriste abattu lors de l&rsquo;op\u00e9ration men\u00e9e par des d\u00e9tachements de l&rsquo;ANP, entre le 3 et le 6 novembre, dans la localit\u00e9 de djebel El-Riacha, commune de Damous, wilaya de Tipasa (1re R\u00e9gion militaire). Il s\u2019agit du terroriste Bader Radja, dit \u2018\u2018Ahmed Mekced\u2019\u2019, qui avait ralli\u00e9 les groupes terroristes en 2007. Cette op\u00e9ration avait permis la neutralisation de trois dangereux terroristes et la saisie d&rsquo;un lot d&rsquo;armement et de munitions. \u00a0<br \/>A Tamanrasset (6e RM) et Djanet (4e RM), des d\u00e9tachements de l&rsquo;ANP ont intercept\u00e9, le 30\u00a0 novembre, deux individus et saisi divers produits explosifs ainsi qu&rsquo;un camion de m\u00e9lange de pierres et d&rsquo;or brut\u00a0\u00bb, tandis que des Garde-fronti\u00e8res ont saisi 1,1 kg de kif trait\u00e9 pr\u00e8s de la bande frontali\u00e8re \u00e0 Tlemcen (2e RM). Par ailleurs, des unit\u00e9s de Garde-c\u00f4tes ont d\u00e9jou\u00e9 \u00e0 Oran et Ain T\u00e9mouchent (2e RM), des tentatives d&rsquo;\u00e9migration clandestine de 35 personnes alors que\u00a0 7 autres candidats \u00e0 l&rsquo;\u00e9migration, dont l&#8217;embarcation a chavir\u00e9, ont \u00e9t\u00e9 secourus \u00e0 2 miles marins au nord-est de B\u00e9ni Saf (2e RM).<br \/>\u00a0<\/p>\n<p>Auteur: elmoudjahid<br \/>\n<a href=\"http:\/\/www.elmoudjahid.com\/fr\/actualites\/145222\">Cliquez ici pour lire l&rsquo;article depuis sa source.<\/a><\/p>\n","protected":false},"excerpt":{"rendered":"<p>Il a \u00e9t\u00e9 proc\u00e9d\u00e9 \u00e0 l&rsquo;identification du troisi\u00e8me terroriste abattu lors de l&rsquo;op\u00e9ration men\u00e9e par des d\u00e9tachements de l&rsquo;ANP, entre le 3 et le 6 novembre, dans la localit\u00e9 de djebel El-Riacha, commune de Damous, wilaya de Tipasa (1re R\u00e9gion militaire). Il s\u2019agit du terroriste Bader Radja, dit \u2018\u2018Ahmed Mekced\u2019\u2019, qui avait ralli\u00e9 les groupes [&hellip;]<\/p>\n","protected":false},"author":1744,"featured_media":0,"comment_status":"closed","ping_status":"closed","sticky":false,"template":"","format":"standard","meta":{"fifu_image_url":"","fifu_image_alt":"","footnotes":""},"categories":[73,53],"tags":[],"class_list":["post-69053","post","type-post","status-publish","format-standard","hentry","category-actualite","category-algerie"],"_links":{"self":[{"href":"https:\/\/linitiative.ca\/International\/wp-json\/wp\/v2\/posts\/69053","targetHints":{"allow":["GET"]}}],"collection":[{"href":"https:\/\/linitiative.ca\/International\/wp-json\/wp\/v2\/posts"}],"about":[{"href":"https:\/\/linitiative.ca\/International\/wp-json\/wp\/v2\/types\/post"}],"author":[{"embeddable":true,"href":"https:\/\/linitiative.ca\/International\/wp-json\/wp\/v2\/users\/1744"}],"replies":[{"embeddable":true,"href":"https:\/\/linitiative.ca\/International\/wp-json\/wp\/v2\/comments?post=69053"}],"version-history":[{"count":0,"href":"https:\/\/linitiative.ca\/International\/wp-json\/wp\/v2\/posts\/69053\/revisions"}],"wp:attachment":[{"href":"https:\/\/linitiative.ca\/International\/wp-json\/wp\/v2\/media?parent=69053"}],"wp:term":[{"taxonomy":"category","embeddable":true,"href":"https:\/\/linitiative.ca\/International\/wp-json\/wp\/v2\/categories?post=69053"},{"taxonomy":"post_tag","embeddable":true,"href":"https:\/\/linitiative.ca\/International\/wp-json\/wp\/v2\/tags?post=69053"}],"curies":[{"name":"wp","href":"https:\/\/api.w.org\/{rel}","templated":true}]}}