{"id":69055,"date":"2019-12-01T15:19:19","date_gmt":"2019-12-01T20:19:19","guid":{"rendered":"https:\/\/linitiative.ca\/International\/algerie-onu-signature-du-cadre-de-cooperation-strategique-revise\/"},"modified":"2019-12-01T15:19:19","modified_gmt":"2019-12-01T20:19:19","slug":"algerie-onu-signature-du-cadre-de-cooperation-strategique-revise","status":"publish","type":"post","link":"https:\/\/linitiative.ca\/International\/algerie-onu-signature-du-cadre-de-cooperation-strategique-revise\/","title":{"rendered":"Alg\u00e9rie &#8211; ONU   : Signature du Cadre de coop\u00e9ration strat\u00e9gique r\u00e9vis\u00e9"},"content":{"rendered":"<p>Le minist\u00e8re des Affaires \u00e9trang\u00e8res et le Bureau de la coordination du syst\u00e8me des Nations unies en Alg\u00e9rie ont proc\u00e9d\u00e9 hier \u00e0 la signature du Cadre de coop\u00e9ration strat\u00e9gique (CDCS) du syst\u00e8me des Nations unies (SNU) avec l&rsquo;Alg\u00e9rie 2019-2021 dans sa version r\u00e9vis\u00e9e. Ce cadre de coop\u00e9ration strat\u00e9gique 2019-2021, sign\u00e9 au si\u00e8ge du minist\u00e8re des Affaires \u00e9trang\u00e8res, est \u00ab\u00a0le r\u00e9sultat de la revue \u00e0 mi-parcours 2016-2020, engag\u00e9e depuis septembre 2018\u00a0\u00bb. Il a \u00e9t\u00e9 adopt\u00e9 dans le cadre d&rsquo;une \u00ab\u00a0approche consensuelle et participative\u00a0\u00bb ayant impliqu\u00e9 tous les d\u00e9partements minist\u00e9riels et institutions nationales, lors d&rsquo;une r\u00e9union du Comit\u00e9 ex\u00e9cutif du CDCS, le 13 novembre 2019.<br \/>Il constitue \u00ab\u00a0l&rsquo;outil principal de programmation des activit\u00e9s op\u00e9rationnelles des agences, fonds et programmes du syst\u00e8me des Nations unies activant en Alg\u00e9rie\u00a0\u00bb. Ce dernier a retenu comme axes de coop\u00e9ration la r\u00e9alisation des principaux objectifs trac\u00e9s avec le syst\u00e8me des Nations unies, \u00e0 savoir : \u00ab\u00a0\u0153uvrer pour l&rsquo;appui \u00e0 la diversification de notre \u00e9conomie\u2008; soutenir le d\u00e9veloppement social ; renforcer la place de la femme dans la soci\u00e9t\u00e9, et am\u00e9liorer la protection de l&rsquo;environnement et la bonne gouvernance\u00a0\u00bb.\u00a0<br \/>Ce cadre sign\u00e9 donnera ainsi une \u00ab\u00a0nouvelle impulsion\u00a0\u00bb \u00e0 l&rsquo;appui fourni par le syst\u00e8me des Nations unies aux efforts du Gouvernement alg\u00e9rien dans sa politique de d\u00e9veloppement visant l&rsquo;atteinte de l&rsquo;Agenda de 2030 et ses 17 Objectifs de d\u00e9veloppement durable (ODD).<\/p>\n<p>Auteur: elmoudjahid<br \/>\n<a href=\"http:\/\/www.elmoudjahid.com\/fr\/actualites\/145224\">Cliquez ici pour lire l&rsquo;article depuis sa source.<\/a><\/p>\n","protected":false},"excerpt":{"rendered":"<p>Le minist\u00e8re des Affaires \u00e9trang\u00e8res et le Bureau de la coordination du syst\u00e8me des Nations unies en Alg\u00e9rie ont proc\u00e9d\u00e9 hier \u00e0 la signature du Cadre de coop\u00e9ration strat\u00e9gique (CDCS) du syst\u00e8me des Nations unies (SNU) avec l&rsquo;Alg\u00e9rie 2019-2021 dans sa version r\u00e9vis\u00e9e. Ce cadre de coop\u00e9ration strat\u00e9gique 2019-2021, sign\u00e9 au si\u00e8ge du minist\u00e8re des [&hellip;]<\/p>\n","protected":false},"author":1744,"featured_media":0,"comment_status":"closed","ping_status":"closed","sticky":false,"template":"","format":"standard","meta":{"fifu_image_url":"","fifu_image_alt":"","footnotes":""},"categories":[73,53],"tags":[],"class_list":["post-69055","post","type-post","status-publish","format-standard","hentry","category-actualite","category-algerie"],"_links":{"self":[{"href":"https:\/\/linitiative.ca\/International\/wp-json\/wp\/v2\/posts\/69055","targetHints":{"allow":["GET"]}}],"collection":[{"href":"https:\/\/linitiative.ca\/International\/wp-json\/wp\/v2\/posts"}],"about":[{"href":"https:\/\/linitiative.ca\/International\/wp-json\/wp\/v2\/types\/post"}],"author":[{"embeddable":true,"href":"https:\/\/linitiative.ca\/International\/wp-json\/wp\/v2\/users\/1744"}],"replies":[{"embeddable":true,"href":"https:\/\/linitiative.ca\/International\/wp-json\/wp\/v2\/comments?post=69055"}],"version-history":[{"count":0,"href":"https:\/\/linitiative.ca\/International\/wp-json\/wp\/v2\/posts\/69055\/revisions"}],"wp:attachment":[{"href":"https:\/\/linitiative.ca\/International\/wp-json\/wp\/v2\/media?parent=69055"}],"wp:term":[{"taxonomy":"category","embeddable":true,"href":"https:\/\/linitiative.ca\/International\/wp-json\/wp\/v2\/categories?post=69055"},{"taxonomy":"post_tag","embeddable":true,"href":"https:\/\/linitiative.ca\/International\/wp-json\/wp\/v2\/tags?post=69055"}],"curies":[{"name":"wp","href":"https:\/\/api.w.org\/{rel}","templated":true}]}}