{"id":69059,"date":"2019-12-01T10:29:00","date_gmt":"2019-12-01T15:29:00","guid":{"rendered":"https:\/\/linitiative.ca\/International\/lamiante-dans-une-ecole-primaire-15-eleves-evacues-a-chlef\/"},"modified":"2019-12-01T10:29:00","modified_gmt":"2019-12-01T15:29:00","slug":"lamiante-dans-une-ecole-primaire-15-eleves-evacues-a-chlef","status":"publish","type":"post","link":"https:\/\/linitiative.ca\/International\/lamiante-dans-une-ecole-primaire-15-eleves-evacues-a-chlef\/","title":{"rendered":"L\u2019AMIANTE DANS UNE ECOLE PRIMAIRE : 15 \u00e9l\u00e8ves \u00e9vacu\u00e9s \u00e0 Chlef"},"content":{"rendered":"<p><br id=\"sep_para_1\" class=\"sep_para access\"\/><\/p>\n<div id=\"para_1\" class=\"para_34295270 resize\">\n<div class=\"texte access firstletter\">\u00a0Pas moins de 15 \u00e9l\u00e8ves ont \u00e9t\u00e9 \u00e9vacu\u00e9s en urgence vers des structures sanitaires pour des soins, apr\u00e8s avoir inhal\u00e9 de la poussi\u00e8re contenue dans l\u2019amiante, a rapport\u00e9 une source locale. Il s\u2019agit des \u00e9l\u00e8ves de\u00a0 l\u2019\u00e9cole Kouadri-Abdennour, situ\u00e9e \u00e0 Bir Safsaf, \u00e0 l\u2019est de Oued Fodda dans la wilaya de Chlef. Pris de malaises, les victimes ont senti des odeurs naus\u00e9abondes provenant de la poussi\u00e8re de l\u2019amiante\u00a0 utilis\u00e9e sur les toits\u00a0 de cette \u00e9cole construite apr\u00e8s le s\u00e9isme ayant frapp\u00e9 la wilaya de\u00a0 Chlef (ex-el Asnam) en 1980. Le Wali s\u2019est d\u00e9plac\u00e9 sur les lieux pour prendre en charge ce probl\u00e8me. Une commission a d\u00e9ploy\u00e9 une \u00e9quipe\u00a0 des experts pour rem\u00e9dier \u00e0 cette situation et d\u00e9limiter\u00a0 d\u00e9finitivement cette poussi\u00e8re\u00a0 de l\u2019amiante\u00a0 dont l\u2019inhalation peut provoquer des cancers, d\u2019autant que\u00a0 les enfants sont plus vuln\u00e9rables que les adultes.\u00a0\u00a0\u00a0\u00a0\u00a0\u00a0\u00a0\u00a0\u00a0\u00a0\u00a0\u00a0\u00a0\u00a0\u00a0\u00a0<\/div>\n<\/div>\n<p>Auteur: Ismain<br \/>\n<a href=\"https:\/\/www.reflexiondz.net\/L-AMIANTE-DANS-UNE-ECOLE-PRIMAIRE-15-eleves-evacues-a-Chlef_a59143.html\">Cliquez ici pour lire l&rsquo;article depuis sa source.<\/a><\/p>\n","protected":false},"excerpt":{"rendered":"<p>\u00a0Pas moins de 15 \u00e9l\u00e8ves ont \u00e9t\u00e9 \u00e9vacu\u00e9s en urgence vers des structures sanitaires pour des soins, apr\u00e8s avoir inhal\u00e9 de la poussi\u00e8re contenue dans l\u2019amiante, a rapport\u00e9 une source locale. Il s\u2019agit des \u00e9l\u00e8ves de\u00a0 l\u2019\u00e9cole Kouadri-Abdennour, situ\u00e9e \u00e0 Bir Safsaf, \u00e0 l\u2019est de Oued Fodda dans la wilaya de Chlef. Pris de malaises, [&hellip;]<\/p>\n","protected":false},"author":1740,"featured_media":0,"comment_status":"closed","ping_status":"closed","sticky":false,"template":"","format":"standard","meta":{"fifu_image_url":"","fifu_image_alt":"","footnotes":""},"categories":[53,76],"tags":[],"class_list":["post-69059","post","type-post","status-publish","format-standard","hentry","category-algerie","category-regions"],"_links":{"self":[{"href":"https:\/\/linitiative.ca\/International\/wp-json\/wp\/v2\/posts\/69059","targetHints":{"allow":["GET"]}}],"collection":[{"href":"https:\/\/linitiative.ca\/International\/wp-json\/wp\/v2\/posts"}],"about":[{"href":"https:\/\/linitiative.ca\/International\/wp-json\/wp\/v2\/types\/post"}],"author":[{"embeddable":true,"href":"https:\/\/linitiative.ca\/International\/wp-json\/wp\/v2\/users\/1740"}],"replies":[{"embeddable":true,"href":"https:\/\/linitiative.ca\/International\/wp-json\/wp\/v2\/comments?post=69059"}],"version-history":[{"count":0,"href":"https:\/\/linitiative.ca\/International\/wp-json\/wp\/v2\/posts\/69059\/revisions"}],"wp:attachment":[{"href":"https:\/\/linitiative.ca\/International\/wp-json\/wp\/v2\/media?parent=69059"}],"wp:term":[{"taxonomy":"category","embeddable":true,"href":"https:\/\/linitiative.ca\/International\/wp-json\/wp\/v2\/categories?post=69059"},{"taxonomy":"post_tag","embeddable":true,"href":"https:\/\/linitiative.ca\/International\/wp-json\/wp\/v2\/tags?post=69059"}],"curies":[{"name":"wp","href":"https:\/\/api.w.org\/{rel}","templated":true}]}}