{"id":69060,"date":"2019-12-01T10:29:00","date_gmt":"2019-12-01T15:29:00","guid":{"rendered":"https:\/\/linitiative.ca\/International\/cour-dalger-les-greffiers-menacent-de-faire-greve\/"},"modified":"2019-12-01T10:29:00","modified_gmt":"2019-12-01T15:29:00","slug":"cour-dalger-les-greffiers-menacent-de-faire-greve","status":"publish","type":"post","link":"https:\/\/linitiative.ca\/International\/cour-dalger-les-greffiers-menacent-de-faire-greve\/","title":{"rendered":"COUR D\u2019ALGER : Les greffiers menacent  de faire gr\u00e8ve"},"content":{"rendered":"<p><br id=\"sep_para_1\" class=\"sep_para access\"\/><\/p>\n<div id=\"para_1\" class=\"para_34295269 resize\">\n<div class=\"texte access firstletter\">Le secteur de la justice n\u2019a pas fini avec les mots de protestation. Ce dimanche 1er d\u00e9cembre, greffiers et corps constitu\u00e9s, d\u00e9pendant de la Cour d\u2019Alger, ont organis\u00e9 un sit-in. Lors de cette journ\u00e9e enti\u00e8re de protestations, les greffiers exigent une revalorisation de leur fonction. Par revalorisation, les greffiers souhaitent que leurs statuts particuliers soient revus, selon Ennahar Online. Faute de quoi, ils menacent d\u2019observer une gr\u00e8ve si le minist\u00e8re de la Justice ne satisfait pos leurs revendications majeures. Le 27 octobre dernier, les magistrats ont entam\u00e9 un boycott de l\u2019activit\u00e9 judiciaire suite \u00e0 un vaste mouvement de remaniement op\u00e9r\u00e9 quelques jours auparavant. Leur gr\u00e8ve n\u2019aura dur\u00e9e que dix jours. Le 5 novembre, leur syndicat a annonc\u00e9 une suspension du mouvement apr\u00e8s que la tutelle leur a accord\u00e9 une augmentation avec effet r\u00e9troactif.\u00a0\u00a0\u00a0\u00a0\u00a0\u00a0\u00a0\u00a0\u00a0\u00a0\u00a0\u00a0\u00a0\u00a0<\/div>\n<\/div>\n<p>Auteur: Nadine<br \/>\n<a href=\"https:\/\/www.reflexiondz.net\/COUR-D-ALGER-Les-greffiers-menacent-de-faire-greve_a59142.html\">Cliquez ici pour lire l&rsquo;article depuis sa source.<\/a><\/p>\n","protected":false},"excerpt":{"rendered":"<p>Le secteur de la justice n\u2019a pas fini avec les mots de protestation. Ce dimanche 1er d\u00e9cembre, greffiers et corps constitu\u00e9s, d\u00e9pendant de la Cour d\u2019Alger, ont organis\u00e9 un sit-in. Lors de cette journ\u00e9e enti\u00e8re de protestations, les greffiers exigent une revalorisation de leur fonction. Par revalorisation, les greffiers souhaitent que leurs statuts particuliers soient [&hellip;]<\/p>\n","protected":false},"author":1740,"featured_media":0,"comment_status":"closed","ping_status":"closed","sticky":false,"template":"","format":"standard","meta":{"fifu_image_url":"","fifu_image_alt":"","footnotes":""},"categories":[53,76],"tags":[],"class_list":["post-69060","post","type-post","status-publish","format-standard","hentry","category-algerie","category-regions"],"_links":{"self":[{"href":"https:\/\/linitiative.ca\/International\/wp-json\/wp\/v2\/posts\/69060","targetHints":{"allow":["GET"]}}],"collection":[{"href":"https:\/\/linitiative.ca\/International\/wp-json\/wp\/v2\/posts"}],"about":[{"href":"https:\/\/linitiative.ca\/International\/wp-json\/wp\/v2\/types\/post"}],"author":[{"embeddable":true,"href":"https:\/\/linitiative.ca\/International\/wp-json\/wp\/v2\/users\/1740"}],"replies":[{"embeddable":true,"href":"https:\/\/linitiative.ca\/International\/wp-json\/wp\/v2\/comments?post=69060"}],"version-history":[{"count":0,"href":"https:\/\/linitiative.ca\/International\/wp-json\/wp\/v2\/posts\/69060\/revisions"}],"wp:attachment":[{"href":"https:\/\/linitiative.ca\/International\/wp-json\/wp\/v2\/media?parent=69060"}],"wp:term":[{"taxonomy":"category","embeddable":true,"href":"https:\/\/linitiative.ca\/International\/wp-json\/wp\/v2\/categories?post=69060"},{"taxonomy":"post_tag","embeddable":true,"href":"https:\/\/linitiative.ca\/International\/wp-json\/wp\/v2\/tags?post=69060"}],"curies":[{"name":"wp","href":"https:\/\/api.w.org\/{rel}","templated":true}]}}