{"id":69061,"date":"2019-12-01T10:39:00","date_gmt":"2019-12-01T15:39:00","guid":{"rendered":"https:\/\/linitiative.ca\/International\/zitouni-evoque-un-projet-criminalisant-le-colonialisme\/"},"modified":"2019-12-01T10:39:00","modified_gmt":"2019-12-01T15:39:00","slug":"zitouni-evoque-un-projet-criminalisant-le-colonialisme","status":"publish","type":"post","link":"https:\/\/linitiative.ca\/International\/zitouni-evoque-un-projet-criminalisant-le-colonialisme\/","title":{"rendered":"Zitouni \u00e9voque  un projet criminalisant le colonialisme"},"content":{"rendered":"<p><br id=\"sep_para_1\" class=\"sep_para access\"\/><\/p>\n<div id=\"para_1\" class=\"para_34295276 resize\">\n<div class=\"texte access firstletter\">Le ministre des Moudjahidine, Tayeb Zitouni, a lanc\u00e9 ce dimanche 1er d\u00e9cembre, un appel aux d\u00e9put\u00e9s alg\u00e9riens pour la relance de la proposition de loi portant \u00ab criminalisation du colonialisme fran\u00e7ais \u00bb. Depuis la wilaya de Gharda\u00efa, Tayeb Zitouni lance un appel aux d\u00e9put\u00e9s alg\u00e9riens afin de relancer et de soumettre au vote le projet de loi portant \u00ab criminalisation du colonialisme \u00bb. Il annonce \u00e0 cet effet qu\u2019une consultation a \u00e9t\u00e9 entreprise avec le minist\u00e8re des Affaires \u00e9trang\u00e8res et des avocats. Cette annonce du ministre des Moudjahidine fait suite \u00e0 la r\u00e9solution du Parlement europ\u00e9en au sujet de la crise \u00e9conomique qui secoue l\u2019Alg\u00e9rie. En 2010, le d\u00e9p\u00f4t du projet au parlement alg\u00e9rien avait suscit\u00e9 une vive r\u00e9action de la France. Le ministre de l\u2019Immigration de l\u2019\u00e9poque, Eric Besson, avait \u00ab regrett\u00e9 \u00bb cette initiative, tout en qualifiant la question de \u00ab sujet sensible \u00bb. Le projet a ensuite \u00e9t\u00e9 abandonn\u00e9 et n\u2019a pas \u00e9t\u00e9 soumis \u00e0 adoption.<\/div>\n<\/div>\n<p>Auteur: R\u00e9flexion<br \/>\n<a href=\"https:\/\/www.reflexiondz.net\/Zitouni-evoque-un-projet-criminalisant-le-colonialisme_a59146.html\">Cliquez ici pour lire l&rsquo;article depuis sa source.<\/a><\/p>\n","protected":false},"excerpt":{"rendered":"<p>Le ministre des Moudjahidine, Tayeb Zitouni, a lanc\u00e9 ce dimanche 1er d\u00e9cembre, un appel aux d\u00e9put\u00e9s alg\u00e9riens pour la relance de la proposition de loi portant \u00ab criminalisation du colonialisme fran\u00e7ais \u00bb. Depuis la wilaya de Gharda\u00efa, Tayeb Zitouni lance un appel aux d\u00e9put\u00e9s alg\u00e9riens afin de relancer et de soumettre au vote le projet [&hellip;]<\/p>\n","protected":false},"author":1740,"featured_media":0,"comment_status":"closed","ping_status":"closed","sticky":false,"template":"","format":"standard","meta":{"fifu_image_url":"","fifu_image_alt":"","footnotes":""},"categories":[53,76],"tags":[],"class_list":["post-69061","post","type-post","status-publish","format-standard","hentry","category-algerie","category-regions"],"_links":{"self":[{"href":"https:\/\/linitiative.ca\/International\/wp-json\/wp\/v2\/posts\/69061","targetHints":{"allow":["GET"]}}],"collection":[{"href":"https:\/\/linitiative.ca\/International\/wp-json\/wp\/v2\/posts"}],"about":[{"href":"https:\/\/linitiative.ca\/International\/wp-json\/wp\/v2\/types\/post"}],"author":[{"embeddable":true,"href":"https:\/\/linitiative.ca\/International\/wp-json\/wp\/v2\/users\/1740"}],"replies":[{"embeddable":true,"href":"https:\/\/linitiative.ca\/International\/wp-json\/wp\/v2\/comments?post=69061"}],"version-history":[{"count":0,"href":"https:\/\/linitiative.ca\/International\/wp-json\/wp\/v2\/posts\/69061\/revisions"}],"wp:attachment":[{"href":"https:\/\/linitiative.ca\/International\/wp-json\/wp\/v2\/media?parent=69061"}],"wp:term":[{"taxonomy":"category","embeddable":true,"href":"https:\/\/linitiative.ca\/International\/wp-json\/wp\/v2\/categories?post=69061"},{"taxonomy":"post_tag","embeddable":true,"href":"https:\/\/linitiative.ca\/International\/wp-json\/wp\/v2\/tags?post=69061"}],"curies":[{"name":"wp","href":"https:\/\/api.w.org\/{rel}","templated":true}]}}