{"id":69062,"date":"2019-12-01T10:39:00","date_gmt":"2019-12-01T15:39:00","guid":{"rendered":"https:\/\/linitiative.ca\/International\/le-proces-de-kamel-el-bouchi-de-nouveau-reporte\/"},"modified":"2019-12-01T10:39:00","modified_gmt":"2019-12-01T15:39:00","slug":"le-proces-de-kamel-el-bouchi-de-nouveau-reporte","status":"publish","type":"post","link":"https:\/\/linitiative.ca\/International\/le-proces-de-kamel-el-bouchi-de-nouveau-reporte\/","title":{"rendered":"Le proc\u00e8s de Kamel \u2018\u2019El Bouchi\u2019\u2019 de nouveau report\u00e9"},"content":{"rendered":"<p><br id=\"sep_para_1\" class=\"sep_para access\"\/><\/p>\n<div id=\"para_1\" class=\"para_34295278 resize\">\n<div class=\"texte access firstletter\">Le proc\u00e8s de Kamel Chikhi, \u00ab El-Bouchi \u00bb dans le cadre des conservations fonci\u00e8res est report\u00e9 jusqu\u2019au 22 d\u00e9cembre prochain, indique, ce dimanche, une source judiciaire, cit\u00e9e par le site Ennahar Online. Cette information a \u00e9t\u00e9 confirm\u00e9e hier par la cour d\u2019Alger. Ainsi, apr\u00e8s plusieurs reports, le proc\u00e8s du principal accus\u00e9 dans le scandale des 701 kg de coca\u00efne saisis \u00e0 Oran, Kamel \u00ab El Bouchi \u00bb se d\u00e9roulera officiellement le 22 d\u00e9cembre. Il compara\u00eetra avec douze autres accus\u00e9s, dont une femme, dans le proc\u00e8s li\u00e9 aux conservations fonci\u00e8res. Kamel \u00ab El-Bouchi \u00bb est poursuivi dans le cadre de l\u2019affaire des conservations fonci\u00e8res. Le proc\u00e8s a \u00e9t\u00e9, selon cette source, report\u00e9 sur demande des avocats de la d\u00e9fense.<\/div>\n<\/div>\n<p>Auteur: R\u00e9flexion<br \/>\n<a href=\"https:\/\/www.reflexiondz.net\/Le-proces-de-Kamel-El-Bouchi-de-nouveau-reporte_a59147.html\">Cliquez ici pour lire l&rsquo;article depuis sa source.<\/a><\/p>\n","protected":false},"excerpt":{"rendered":"<p>Le proc\u00e8s de Kamel Chikhi, \u00ab El-Bouchi \u00bb dans le cadre des conservations fonci\u00e8res est report\u00e9 jusqu\u2019au 22 d\u00e9cembre prochain, indique, ce dimanche, une source judiciaire, cit\u00e9e par le site Ennahar Online. Cette information a \u00e9t\u00e9 confirm\u00e9e hier par la cour d\u2019Alger. Ainsi, apr\u00e8s plusieurs reports, le proc\u00e8s du principal accus\u00e9 dans le scandale des [&hellip;]<\/p>\n","protected":false},"author":1740,"featured_media":0,"comment_status":"closed","ping_status":"closed","sticky":false,"template":"","format":"standard","meta":{"fifu_image_url":"","fifu_image_alt":"","footnotes":""},"categories":[53,76],"tags":[],"class_list":["post-69062","post","type-post","status-publish","format-standard","hentry","category-algerie","category-regions"],"_links":{"self":[{"href":"https:\/\/linitiative.ca\/International\/wp-json\/wp\/v2\/posts\/69062","targetHints":{"allow":["GET"]}}],"collection":[{"href":"https:\/\/linitiative.ca\/International\/wp-json\/wp\/v2\/posts"}],"about":[{"href":"https:\/\/linitiative.ca\/International\/wp-json\/wp\/v2\/types\/post"}],"author":[{"embeddable":true,"href":"https:\/\/linitiative.ca\/International\/wp-json\/wp\/v2\/users\/1740"}],"replies":[{"embeddable":true,"href":"https:\/\/linitiative.ca\/International\/wp-json\/wp\/v2\/comments?post=69062"}],"version-history":[{"count":0,"href":"https:\/\/linitiative.ca\/International\/wp-json\/wp\/v2\/posts\/69062\/revisions"}],"wp:attachment":[{"href":"https:\/\/linitiative.ca\/International\/wp-json\/wp\/v2\/media?parent=69062"}],"wp:term":[{"taxonomy":"category","embeddable":true,"href":"https:\/\/linitiative.ca\/International\/wp-json\/wp\/v2\/categories?post=69062"},{"taxonomy":"post_tag","embeddable":true,"href":"https:\/\/linitiative.ca\/International\/wp-json\/wp\/v2\/tags?post=69062"}],"curies":[{"name":"wp","href":"https:\/\/api.w.org\/{rel}","templated":true}]}}