{"id":69073,"date":"2019-12-01T16:10:00","date_gmt":"2019-12-01T21:10:00","guid":{"rendered":"https:\/\/linitiative.ca\/International\/un-bus-chute-dans-un-oued-pres-de-ain-draham-bilan-provisoire-24-morts\/"},"modified":"2019-12-01T16:10:00","modified_gmt":"2019-12-01T21:10:00","slug":"un-bus-chute-dans-un-oued-pres-de-ain-draham-bilan-provisoire-24-morts","status":"publish","type":"post","link":"https:\/\/linitiative.ca\/International\/un-bus-chute-dans-un-oued-pres-de-ain-draham-bilan-provisoire-24-morts\/","title":{"rendered":"Un bus chute dans un oued  pr\u00e8s de A\u00efn Draham, bilan provisoire : 24 morts"},"content":{"rendered":"<p>Le minist\u00e8re de la sant\u00e9 a appel\u00e9, dimanche, \u00ab les citoyens \u00e0 reporter les dons du sang aux prochains jours pour \u00e9viter l\u2019encombrement au Centre national de Transfusion Sanguine et aux centres r\u00e9gionaux qui y sont rattach\u00e9s \u00bb.<\/p>\n<p>Cet appel intervient suite \u00e0 l\u2019accident de la voie publique survenu dans la matin\u00e9e\u00a0 de dimanche , au niveau de la r\u00e9gion &lsquo;\u00a0\u00bbAin Snoussi\u00a0\u00bb dans la d\u00e9l\u00e9gation de Amdoun dans le gouvernorat de B\u00e9ja lorsqu\u2019un bus transportant une soixantaine de jeunes dans le cadre d\u2019un excursion \u00e0 Ain Draham a chut\u00e9 dans dans un oued. On d\u00e9nombre 24 morts et et 16 bless\u00e9s.<\/p>\n<p>Auteur:<br \/>\n<a href=\"https:\/\/www.leaders.com.tn\/article\/28532-un-bus-chute-dans-un-oued-pres-de-ain-draham-bilan-provisoire-24-morts\">Cliquez ici pour lire l&rsquo;article depuis sa source.<\/a><\/p>\n","protected":false},"excerpt":{"rendered":"<p>Le minist\u00e8re de la sant\u00e9 a appel\u00e9, dimanche, \u00ab les citoyens \u00e0 reporter les dons du sang aux prochains jours pour \u00e9viter l\u2019encombrement au Centre national de Transfusion Sanguine et aux centres r\u00e9gionaux qui y sont rattach\u00e9s \u00bb. Cet appel intervient suite \u00e0 l\u2019accident de la voie publique survenu dans la matin\u00e9e\u00a0 de dimanche , [&hellip;]<\/p>\n","protected":false},"author":1772,"featured_media":0,"comment_status":"closed","ping_status":"closed","sticky":false,"template":"","format":"standard","meta":{"fifu_image_url":"","fifu_image_alt":"","footnotes":""},"categories":[73,55],"tags":[],"class_list":["post-69073","post","type-post","status-publish","format-standard","hentry","category-actualite","category-tunisie"],"_links":{"self":[{"href":"https:\/\/linitiative.ca\/International\/wp-json\/wp\/v2\/posts\/69073","targetHints":{"allow":["GET"]}}],"collection":[{"href":"https:\/\/linitiative.ca\/International\/wp-json\/wp\/v2\/posts"}],"about":[{"href":"https:\/\/linitiative.ca\/International\/wp-json\/wp\/v2\/types\/post"}],"author":[{"embeddable":true,"href":"https:\/\/linitiative.ca\/International\/wp-json\/wp\/v2\/users\/1772"}],"replies":[{"embeddable":true,"href":"https:\/\/linitiative.ca\/International\/wp-json\/wp\/v2\/comments?post=69073"}],"version-history":[{"count":0,"href":"https:\/\/linitiative.ca\/International\/wp-json\/wp\/v2\/posts\/69073\/revisions"}],"wp:attachment":[{"href":"https:\/\/linitiative.ca\/International\/wp-json\/wp\/v2\/media?parent=69073"}],"wp:term":[{"taxonomy":"category","embeddable":true,"href":"https:\/\/linitiative.ca\/International\/wp-json\/wp\/v2\/categories?post=69073"},{"taxonomy":"post_tag","embeddable":true,"href":"https:\/\/linitiative.ca\/International\/wp-json\/wp\/v2\/tags?post=69073"}],"curies":[{"name":"wp","href":"https:\/\/api.w.org\/{rel}","templated":true}]}}