{"id":69082,"date":"2019-12-01T11:33:56","date_gmt":"2019-12-01T16:33:56","guid":{"rendered":"https:\/\/linitiative.ca\/International\/tunisie-kais-saied-et-youssef-chahed-se-rendent-sur-le-lieu-de-laccident-du-bus\/"},"modified":"2019-12-01T11:33:56","modified_gmt":"2019-12-01T16:33:56","slug":"tunisie-kais-saied-et-youssef-chahed-se-rendent-sur-le-lieu-de-laccident-du-bus","status":"publish","type":"post","link":"https:\/\/linitiative.ca\/International\/tunisie-kais-saied-et-youssef-chahed-se-rendent-sur-le-lieu-de-laccident-du-bus\/","title":{"rendered":"Tunisie \u2013 Ka\u00efs Sa\u00efed et Youssef Chahed se rendent sur le lieu de l\u2019accident du bus"},"content":{"rendered":"<div class=\"post-cont-in left relative\">\n<div class=\"swp_social_panel swp_horizontal_panel swp_flat_fresh swp_default_full_color swp_individual_full_color swp_other_full_color scale-100 scale-\" data-min-width=\"1100\" data-float-color=\"#ffffff\" data-float=\"none\" data-float-mobile=\"none\" data-transition=\"slide\">\n<div class=\"nc_tweetContainer swp_share_button total_shares total_sharesalt\"><span class=\"swp_count\">103 <span class=\"swp_label\">Partages<\/span><\/span><\/div>\n<\/div>\n<p>Les pr\u00e9sidents de la R\u00e9publique, Ka\u00efs Sa\u00efed et du gouvernement sortant, Youssef Chahed se sont rendus, ce dimanche apr\u00e8s midi, \u00e0 Amdoun, dans le gouvernorat de B\u00e9ja, sur le lieu de l\u2019accident du bus qui a co\u00fbt\u00e9 la vie \u00e0 24 jeunes personnes, ce matin.<\/p>\n<div class=\"code-block code-block-1 c3\"><ins class=\"adsbygoogle c2\" data-ad-layout=\"in-article\" data-ad-format=\"fluid\" data-ad-client=\"ca-pub-2102118777505746\" data-ad-slot=\"7301775417\"\/> <\/div>\n<p>Source m\u00e9dia: Mosa\u00efque FM<\/p>\n<div class=\"code-block code-block-2 c3\"><ins class=\"adsbygoogle c2\" data-ad-layout=\"in-article\" data-ad-format=\"fluid\" data-ad-client=\"ca-pub-2102118777505746\" data-ad-slot=\"7301775417\"\/> <\/div>\n<p><strong>Que se passe-t-il en Tunisie?<\/strong><br \/>Nous expliquons sur notre <a href=\"https:\/\/www.youtube.com\/channel\/UCRzypVq0B_yBad5eGrwBx0Q?sub_confirmation=1\" target=\"_blank\" rel=\"noopener noreferrer\">cha\u00eene YouTube<\/a> . <a href=\"https:\/\/www.youtube.com\/channel\/UCRzypVq0B_yBad5eGrwBx0Q?sub_confirmation=1\" target=\"_blank\" rel=\"noopener noreferrer\">Abonnez-vous!<\/a><\/p>\n<div class=\"mvp-org-wrap mvp-org-logo\" itemprop=\"publisher\" itemscope=\"\" itemtype=\"https:\/\/schema.org\/Organization\"><img decoding=\"async\" src=\"https:\/\/www.tunisienumerique.com\/wp-content\/uploads\/2017\/02\/logo_tunisie_numerique.png\"\/><\/div>\n<div class=\"swp_social_panel swp_horizontal_panel swp_flat_fresh swp_default_full_color swp_individual_full_color swp_other_full_color scale-100 scale-\" data-min-width=\"1100\" data-float-color=\"#ffffff\" data-float=\"none\" data-float-mobile=\"none\" data-transition=\"slide\">\n<div class=\"nc_tweetContainer swp_share_button total_shares total_sharesalt\"><span class=\"swp_count\">103 <span class=\"swp_label\">Partages<\/span><\/span><\/div>\n<\/div>\n<div class=\"mvp-related-posts left relative\">\n<h4 class=\"post-header\"><span class=\"post-header\">Lire aussi<\/span><\/h4>\n<\/div>\n<\/div>\n<p>Auteur: LM<br \/>\n<a href=\"https:\/\/www.tunisienumerique.com\/tunisie-kais-saied-et-youssef-chahed-se-rendent-sur-le-lieu-de-laccident-du-bus\/\">Cliquez ici pour lire l&rsquo;article depuis sa source.<\/a><\/p>\n","protected":false},"excerpt":{"rendered":"<p>103 Partages Les pr\u00e9sidents de la R\u00e9publique, Ka\u00efs Sa\u00efed et du gouvernement sortant, Youssef Chahed se sont rendus, ce dimanche apr\u00e8s midi, \u00e0 Amdoun, dans le gouvernorat de B\u00e9ja, sur le lieu de l\u2019accident du bus qui a co\u00fbt\u00e9 la vie \u00e0 24 jeunes personnes, ce matin. Source m\u00e9dia: Mosa\u00efque FM Que se passe-t-il en [&hellip;]<\/p>\n","protected":false},"author":1789,"featured_media":69083,"comment_status":"closed","ping_status":"closed","sticky":false,"template":"","format":"standard","meta":{"fifu_image_url":"","fifu_image_alt":"","footnotes":""},"categories":[73,55],"tags":[],"class_list":["post-69082","post","type-post","status-publish","format-standard","has-post-thumbnail","hentry","category-actualite","category-tunisie"],"_links":{"self":[{"href":"https:\/\/linitiative.ca\/International\/wp-json\/wp\/v2\/posts\/69082","targetHints":{"allow":["GET"]}}],"collection":[{"href":"https:\/\/linitiative.ca\/International\/wp-json\/wp\/v2\/posts"}],"about":[{"href":"https:\/\/linitiative.ca\/International\/wp-json\/wp\/v2\/types\/post"}],"author":[{"embeddable":true,"href":"https:\/\/linitiative.ca\/International\/wp-json\/wp\/v2\/users\/1789"}],"replies":[{"embeddable":true,"href":"https:\/\/linitiative.ca\/International\/wp-json\/wp\/v2\/comments?post=69082"}],"version-history":[{"count":0,"href":"https:\/\/linitiative.ca\/International\/wp-json\/wp\/v2\/posts\/69082\/revisions"}],"wp:featuredmedia":[{"embeddable":true,"href":"https:\/\/linitiative.ca\/International\/wp-json\/"}],"wp:attachment":[{"href":"https:\/\/linitiative.ca\/International\/wp-json\/wp\/v2\/media?parent=69082"}],"wp:term":[{"taxonomy":"category","embeddable":true,"href":"https:\/\/linitiative.ca\/International\/wp-json\/wp\/v2\/categories?post=69082"},{"taxonomy":"post_tag","embeddable":true,"href":"https:\/\/linitiative.ca\/International\/wp-json\/wp\/v2\/tags?post=69082"}],"curies":[{"name":"wp","href":"https:\/\/api.w.org\/{rel}","templated":true}]}}