{"id":69084,"date":"2019-12-01T11:47:45","date_gmt":"2019-12-01T16:47:45","guid":{"rendered":"https:\/\/linitiative.ca\/International\/tunisie-les-causes-de-laccident-du-bus-selon-les-resultats-preliminaires-de-lenquete\/"},"modified":"2019-12-01T11:47:45","modified_gmt":"2019-12-01T16:47:45","slug":"tunisie-les-causes-de-laccident-du-bus-selon-les-resultats-preliminaires-de-lenquete","status":"publish","type":"post","link":"https:\/\/linitiative.ca\/International\/tunisie-les-causes-de-laccident-du-bus-selon-les-resultats-preliminaires-de-lenquete\/","title":{"rendered":"Tunisie \u2013 Les causes de l\u2019accident du bus, selon les r\u00e9sultats pr\u00e9liminaires de l\u2019enqu\u00eate"},"content":{"rendered":"<div class=\"post-cont-in left relative\">\n<div class=\"swp_social_panel swp_horizontal_panel swp_flat_fresh swp_default_full_color swp_individual_full_color swp_other_full_color scale-100 scale-\" data-min-width=\"1100\" data-float-color=\"#ffffff\" data-float=\"none\" data-float-mobile=\"none\" data-transition=\"slide\">\n<div class=\"nc_tweetContainer swp_share_button total_shares total_sharesalt\"><span class=\"swp_count\">187 <span class=\"swp_label\">Partages<\/span><\/span><\/div>\n<\/div>\n<p>Le directeur r\u00e9gional de la protection civile de B\u00e9ja a annonc\u00e9 que selon les r\u00e9sultats pr\u00e9liminaires de l\u2019enqu\u00eate par rapport aux causes de l\u2019accident de bus qui a co\u00fbt\u00e9 la vie \u00e0 24 jeunes, ce matin, le drame serait d\u00fb \u00e0 l\u2019exc\u00e8s de vitesse, conjugu\u00e9 \u00e0 une ignorance du conducteur de la route qu\u2019il empruntait et de ses difficult\u00e9s.<\/p>\n<div class=\"code-block code-block-1 c3\"><ins class=\"adsbygoogle c2\" data-ad-layout=\"in-article\" data-ad-format=\"fluid\" data-ad-client=\"ca-pub-2102118777505746\" data-ad-slot=\"7301775417\"\/> <\/div>\n<p><strong>Que se passe-t-il en Tunisie?<\/strong><br \/>Nous expliquons sur notre <a href=\"https:\/\/www.youtube.com\/channel\/UCRzypVq0B_yBad5eGrwBx0Q?sub_confirmation=1\" target=\"_blank\" rel=\"noopener noreferrer\">cha\u00eene YouTube<\/a> . <a href=\"https:\/\/www.youtube.com\/channel\/UCRzypVq0B_yBad5eGrwBx0Q?sub_confirmation=1\" target=\"_blank\" rel=\"noopener noreferrer\">Abonnez-vous!<\/a><\/p>\n<div class=\"mvp-org-wrap mvp-org-logo\" itemprop=\"publisher\" itemscope=\"\" itemtype=\"https:\/\/schema.org\/Organization\"><img decoding=\"async\" src=\"https:\/\/www.tunisienumerique.com\/wp-content\/uploads\/2017\/02\/logo_tunisie_numerique.png\"\/><\/div>\n<div class=\"swp_social_panel swp_horizontal_panel swp_flat_fresh swp_default_full_color swp_individual_full_color swp_other_full_color scale-100 scale-\" data-min-width=\"1100\" data-float-color=\"#ffffff\" data-float=\"none\" data-float-mobile=\"none\" data-transition=\"slide\">\n<div class=\"nc_tweetContainer swp_share_button total_shares total_sharesalt\"><span class=\"swp_count\">187 <span class=\"swp_label\">Partages<\/span><\/span><\/div>\n<\/div>\n<div class=\"mvp-related-posts left relative\">\n<h4 class=\"post-header\"><span class=\"post-header\">Lire aussi<\/span><\/h4>\n<\/div>\n<\/div>\n<p>Auteur: LM<br \/>\n<a href=\"https:\/\/www.tunisienumerique.com\/tunisie-les-causes-de-laccident-du-bus-selon-les-resultats-preliminaires-de-lenquete\/\">Cliquez ici pour lire l&rsquo;article depuis sa source.<\/a><\/p>\n","protected":false},"excerpt":{"rendered":"<p>187 Partages Le directeur r\u00e9gional de la protection civile de B\u00e9ja a annonc\u00e9 que selon les r\u00e9sultats pr\u00e9liminaires de l\u2019enqu\u00eate par rapport aux causes de l\u2019accident de bus qui a co\u00fbt\u00e9 la vie \u00e0 24 jeunes, ce matin, le drame serait d\u00fb \u00e0 l\u2019exc\u00e8s de vitesse, conjugu\u00e9 \u00e0 une ignorance du conducteur de la route [&hellip;]<\/p>\n","protected":false},"author":1789,"featured_media":69085,"comment_status":"closed","ping_status":"closed","sticky":false,"template":"","format":"standard","meta":{"fifu_image_url":"","fifu_image_alt":"","footnotes":""},"categories":[73,55],"tags":[],"class_list":["post-69084","post","type-post","status-publish","format-standard","has-post-thumbnail","hentry","category-actualite","category-tunisie"],"_links":{"self":[{"href":"https:\/\/linitiative.ca\/International\/wp-json\/wp\/v2\/posts\/69084","targetHints":{"allow":["GET"]}}],"collection":[{"href":"https:\/\/linitiative.ca\/International\/wp-json\/wp\/v2\/posts"}],"about":[{"href":"https:\/\/linitiative.ca\/International\/wp-json\/wp\/v2\/types\/post"}],"author":[{"embeddable":true,"href":"https:\/\/linitiative.ca\/International\/wp-json\/wp\/v2\/users\/1789"}],"replies":[{"embeddable":true,"href":"https:\/\/linitiative.ca\/International\/wp-json\/wp\/v2\/comments?post=69084"}],"version-history":[{"count":0,"href":"https:\/\/linitiative.ca\/International\/wp-json\/wp\/v2\/posts\/69084\/revisions"}],"wp:featuredmedia":[{"embeddable":true,"href":"https:\/\/linitiative.ca\/International\/wp-json\/"}],"wp:attachment":[{"href":"https:\/\/linitiative.ca\/International\/wp-json\/wp\/v2\/media?parent=69084"}],"wp:term":[{"taxonomy":"category","embeddable":true,"href":"https:\/\/linitiative.ca\/International\/wp-json\/wp\/v2\/categories?post=69084"},{"taxonomy":"post_tag","embeddable":true,"href":"https:\/\/linitiative.ca\/International\/wp-json\/wp\/v2\/tags?post=69084"}],"curies":[{"name":"wp","href":"https:\/\/api.w.org\/{rel}","templated":true}]}}