{"id":69090,"date":"2019-12-01T17:17:32","date_gmt":"2019-12-01T22:17:32","guid":{"rendered":"https:\/\/linitiative.ca\/International\/lutte-contre-le-paludisme-aneantir-le-fleau-a-lhorizon-2030\/"},"modified":"2019-12-01T17:17:32","modified_gmt":"2019-12-01T22:17:32","slug":"lutte-contre-le-paludisme-aneantir-le-fleau-a-lhorizon-2030","status":"publish","type":"post","link":"https:\/\/linitiative.ca\/International\/lutte-contre-le-paludisme-aneantir-le-fleau-a-lhorizon-2030\/","title":{"rendered":"Lutte contre le paludisme:  An\u00e9antir le fl\u00e9au \u00e0 l\u2019horizon 2030"},"content":{"rendered":"<div class=\"td-post-featured-image\" readability=\"36\"><a href=\"https:\/\/i0.wp.com\/www.sidwaya.info\/wp-content\/uploads\/2019\/12\/palu.gif?fit=790%2C693&#038;ssl=1\" data-caption=\"Le repr\u00e9sentant du secr\u00e9taire g\u00e9n\u00e9ral du minist\u00e8re de la Sant\u00e9, Dr Isa\u00efe M\u00e9dah, a affirm\u00e9 que les ressources allou\u00e9es par le PMI vont \u0153uvrer dans le sens d\u2019\u00e9liminer le paludisme au Burkina Faso.\"><img loading=\"lazy\" decoding=\"async\" width=\"696\" height=\"611\" class=\"entry-thumb td-modal-image\" src=\"https:\/\/i0.wp.com\/www.sidwaya.info\/wp-content\/uploads\/2019\/12\/palu.gif?resize=696%2C611&#038;ssl=1\" alt=\"\" title=\"palu\"\/><\/a>Le repr\u00e9sentant du secr\u00e9taire g\u00e9n\u00e9ral du minist\u00e8re de la Sant\u00e9, Dr Isa\u00efe M\u00e9dah, a affirm\u00e9 que les ressources allou\u00e9es par le PMI vont \u0153uvrer dans le sens d\u2019\u00e9liminer le paludisme au Burkina Faso.<\/div>\n<p><strong>Le comit\u00e9 national de pilotage de lutte contre le paludisme s\u2019est r\u00e9uni, le vendredi 8 novembre 2019,<\/strong> <strong>\u00e0 Ouagadougou, sous le signe de la pr\u00e9sentation des r\u00e9sultats pr\u00e9liminaires du Plan op\u00e9rationnel annuel paludisme de l\u2019ann\u00e9e fiscale 2020 (MOP).<\/strong><\/p>\n<p>Des acteurs de la sant\u00e9 ont r\u00e9pondu \u00e0 l\u2019appel du Comit\u00e9 national de lutte contre le paludisme (CNLP) qui s\u2019est r\u00e9uni, le vendredi 8 novembre 2019, \u00e0 Ouagadougou. Ils se sont concert\u00e9s en vue de restituer les r\u00e9sultats pr\u00e9liminaires du Plan op\u00e9rationnel annuel paludisme de l\u2019ann\u00e9e fiscale 2020 (MOP) et en faire des recommandations. Selon le repr\u00e9sentant du secr\u00e9taire g\u00e9n\u00e9ral du minist\u00e8re de la Sant\u00e9, Dr Isa\u00efe M\u00e9dah, cette r\u00e9union co\u00efncide avec la fin de la mission technique de l\u2019Initiative pr\u00e9sidentielle des Etats-Unis contre le paludisme (PMI).<\/p>\n<p>La tenue du MOP, a-t-il expliqu\u00e9, est une session de planification participative au cours de laquelle, les intervenants, dans la lutte contre la maladie, identifient les priorit\u00e9s du plan strat\u00e9gique national, b\u00e9n\u00e9ficiaires des financements du PMI. Par ailleurs, le financement du combat contre le paludisme a besoin, a laiss\u00e9 entendre Dr Isa\u00efe M\u00e9dah, de la contribution des Partenaires techniques et financiers (PTF). Il en veut pour preuve, entre 2009 et 2016, l\u2019octroi de plus de 40 milliards F CFA, dans ce sens, par les Etats-Unis d\u2019Am\u00e9rique.<\/p>\n<p>Afin de contr\u00f4ler le paludisme au Burkina Faso, a-t-il ajout\u00e9, en 2017, le pays de l\u2019Oncle Sam a augment\u00e9 l\u2019allocation financi\u00e8re de plus de 14 milliards F CFA du pays, retenu comme prioritaire PMI. Pour ce faire, a d\u00e9clar\u00e9 Dr M\u00e9dah, ces ressources financi\u00e8res suppl\u00e9mentaires permettent, chaque ann\u00e9e, de prot\u00e9ger 450 000 enfants \u00e0 travers la chimio pr\u00e9vention du paludisme saisonnier dans douze districts sanitaires.<\/p>\n<p>A l\u2019entendre, \u00e9galement, l\u2019acquisition d\u2019environ neuf millions de tests de diagnostic rapide, six millions de traitements antipaludiques et la protection \u00e0 pulv\u00e9risation intra-domiciliaire de 800 000 personnes \u00e0 Kampti (Sud-Ouest), Kongoussi (Centre-Nord) et Solenzo (Hauts-Bassins) ont \u00e9t\u00e9 rendus possibles gr\u00e2ce \u00e0 cette enveloppe additionnelle.<\/p>\n<p>En reconnaissance, Dr Isa\u00efe M\u00e9dah a salu\u00e9 les PTF pour la mobilisation des ressources financi\u00e8res, d\u00e9terminante dans la mise en \u0153uvre des plans strat\u00e9giques de lutte contre le fl\u00e9au. La directrice de l\u2019\u00e9quipe sant\u00e9 de l\u2019USAID, agence am\u00e9ricaine de coop\u00e9ration, Bijou Muhura, a, pour sa part, soutenu que le conclave est une opportunit\u00e9 pour renforcer la transparence dans le processus d\u2019allocation des ressources du gouvernement am\u00e9ricain.<\/p>\n<p>Elle a, en sus, affirm\u00e9 que le MOP 2020 a \u00e9t\u00e9 mis en place, depuis le 4 novembre 2019 de concert avec l\u2019ensemble des acteurs, notamment le minist\u00e8re de la Sant\u00e9 et ses collaborateurs (Organisation mondiale de la sant\u00e9, fondation Bill et Melinda Gates, Fonds Mondial, Livings Goods, PMI, Centrale d\u2019achat des m\u00e9dicaments essentiels g\u00e9n\u00e9riques, etc.). \u00abGr\u00e2ce \u00e0 votre implication, le MOP, conform\u00e9ment \u00e0 ses objectifs, a \u00e9t\u00e9 participatif et les priorit\u00e9s du pays ont \u00e9t\u00e9 discut\u00e9es de mani\u00e8re consensuelle en privil\u00e9giant la synergie avec les financements des partenaires ainsi que les activit\u00e9s \u00e0 haut impact\u00bb, s\u2019est-elle adress\u00e9e aux PTF.<\/p>\n<p>Aux dires de Mme Muhura, en 2019, au total 3 717 milliards F CFA ont \u00e9t\u00e9 allou\u00e9s, par l\u2019ex\u00e9cutif am\u00e9ricain, \u00e0 24 pays en Afrique subsaharienne et en Asie, les plus affect\u00e9s pour pr\u00e9venir, traiter et contr\u00f4ler le paludisme. \u00abL\u2019engagement du peuple am\u00e9ricain demeure intact afin de contribuer \u00e0 une meilleure sant\u00e9 des populations du Burkina Faso\u00bb, a-t-elle assur\u00e9.<\/p>\n<p class=\"c1\"><strong>Boukary BONKOUNGOU<\/strong><\/p>\n<div class=\"td-a-rec td-a-rec-id-content_bottom tdi_30_000 td_block_template_1\"><img loading=\"lazy\" decoding=\"async\" class=\"aligncenter size-full wp-image-9623\" src=\"https:\/\/www.sidwaya.info\/wp-content\/uploads\/2019\/06\/Projet-bannie%CC%80re-Orange-mobile.jpg\" alt=\"\" width=\"728\" height=\"81\"\/><\/div>\n<p>Auteur: JK. Sidwaya<br \/>\n<a href=\"https:\/\/www.sidwaya.info\/blog\/2019\/12\/01\/lutte-contre-le-paludisme-aneantir-le-fleau-a-lhorizon-2030\/\">Cliquez ici pour lire l&rsquo;article depuis sa source.<\/a><\/p>\n","protected":false},"excerpt":{"rendered":"<p>Le repr\u00e9sentant du secr\u00e9taire g\u00e9n\u00e9ral du minist\u00e8re de la Sant\u00e9, Dr Isa\u00efe M\u00e9dah, a affirm\u00e9 que les ressources allou\u00e9es par le PMI vont \u0153uvrer dans le sens d\u2019\u00e9liminer le paludisme au Burkina Faso. Le comit\u00e9 national de pilotage de lutte contre le paludisme s\u2019est r\u00e9uni, le vendredi 8 novembre 2019, \u00e0 Ouagadougou, sous le signe [&hellip;]<\/p>\n","protected":false},"author":1816,"featured_media":0,"comment_status":"closed","ping_status":"closed","sticky":false,"template":"","format":"standard","meta":{"fifu_image_url":"","fifu_image_alt":"","footnotes":""},"categories":[73,81],"tags":[],"class_list":["post-69090","post","type-post","status-publish","format-standard","hentry","category-actualite","category-burkina-faso"],"_links":{"self":[{"href":"https:\/\/linitiative.ca\/International\/wp-json\/wp\/v2\/posts\/69090","targetHints":{"allow":["GET"]}}],"collection":[{"href":"https:\/\/linitiative.ca\/International\/wp-json\/wp\/v2\/posts"}],"about":[{"href":"https:\/\/linitiative.ca\/International\/wp-json\/wp\/v2\/types\/post"}],"author":[{"embeddable":true,"href":"https:\/\/linitiative.ca\/International\/wp-json\/wp\/v2\/users\/1816"}],"replies":[{"embeddable":true,"href":"https:\/\/linitiative.ca\/International\/wp-json\/wp\/v2\/comments?post=69090"}],"version-history":[{"count":0,"href":"https:\/\/linitiative.ca\/International\/wp-json\/wp\/v2\/posts\/69090\/revisions"}],"wp:attachment":[{"href":"https:\/\/linitiative.ca\/International\/wp-json\/wp\/v2\/media?parent=69090"}],"wp:term":[{"taxonomy":"category","embeddable":true,"href":"https:\/\/linitiative.ca\/International\/wp-json\/wp\/v2\/categories?post=69090"},{"taxonomy":"post_tag","embeddable":true,"href":"https:\/\/linitiative.ca\/International\/wp-json\/wp\/v2\/tags?post=69090"}],"curies":[{"name":"wp","href":"https:\/\/api.w.org\/{rel}","templated":true}]}}