{"id":69091,"date":"2019-12-01T17:21:21","date_gmt":"2019-12-01T22:21:21","guid":{"rendered":"https:\/\/linitiative.ca\/International\/reprendre-la-main\/"},"modified":"2019-12-01T17:21:21","modified_gmt":"2019-12-01T22:21:21","slug":"reprendre-la-main","status":"publish","type":"post","link":"https:\/\/linitiative.ca\/International\/reprendre-la-main\/","title":{"rendered":"Reprendre la main"},"content":{"rendered":"<div class=\"td-post-featured-image\"><a href=\"https:\/\/i1.wp.com\/www.sidwaya.info\/wp-content\/uploads\/2019\/11\/DG-b.jpg?fit=595%2C438&#038;ssl=1\" data-caption=\"\"><img loading=\"lazy\" decoding=\"async\" width=\"595\" height=\"438\" class=\"entry-thumb td-modal-image\" src=\"https:\/\/i1.wp.com\/www.sidwaya.info\/wp-content\/uploads\/2019\/11\/DG-b.jpg?resize=595%2C438&#038;ssl=1\" srcset=\"https:\/\/i1.wp.com\/www.sidwaya.info\/wp-content\/uploads\/2019\/11\/DG-b.jpg?w=595&#038;ssl=1 595w, https:\/\/i1.wp.com\/www.sidwaya.info\/wp-content\/uploads\/2019\/11\/DG-b.jpg?resize=300%2C221&#038;ssl=1 300w, https:\/\/i1.wp.com\/www.sidwaya.info\/wp-content\/uploads\/2019\/11\/DG-b.jpg?resize=571%2C420&#038;ssl=1 571w, https:\/\/i1.wp.com\/www.sidwaya.info\/wp-content\/uploads\/2019\/11\/DG-b.jpg?resize=80%2C60&#038;ssl=1 80w\" sizes=\"auto, (max-width: 595px) 100vw, 595px\" alt=\"\" title=\"DG b\"\/><\/a><\/div>\n<p>La France rend hommage, cet apr\u00e8s-midi, aux 13 soldats de la force Barkhane, morts au Mali dans un accident d\u2019h\u00e9licopt\u00e8re, le 25 novembre 2019. 2 500 personnes sont attendues \u00e0 cet effet \u00e0 la Place des Invalides dont le pr\u00e9sident malien, Ibrahim Boubacar Ke\u00efta. La c\u00e9r\u00e9monie est particuli\u00e8re, selon l\u2019Elys\u00e9e, car l\u2019incident a enregistr\u00e9 le bilan humain le plus lourd depuis l\u2019attentat du Drakkar \u00e0 Beyrouth, en 1983, qui avait fait 299 morts dont 58 soldats fran\u00e7ais.<\/p>\n<p>La pr\u00e9sence du chef de l\u2019Etat malien et de nombreux autres officiels ouest-africains \u00e0 cet \u00e9v\u00e8nement traduit, sans nul doute, la compassion et la solidarit\u00e9 de l\u2019Afrique de l\u2019Ouest au peuple fran\u00e7ais. Car, il faut le reconna\u00eetre, en d\u00e9pit des critiques formul\u00e9es \u00e7\u00e0 et l\u00e0, les partenaires \u00e9trangers et les forces fran\u00e7aises en particulier, abattent un travail remarquable dans le cadre de la lutte contre le terrorisme, dans cette partie du continent.<\/p>\n<p>Ces efforts m\u00e9ritent une reconnaissance sans complexe au-del\u00e0 des all\u00e9gations et insinuations qui accablent l\u2019ancienne puissance coloniale. Alors que les<br \/>4500 hommes de Barkhane attendent depuis 2014, \u00abl\u2019op\u00e9rationnalisation compl\u00e8te \u00bb de la force conjointe du G5 Sahel pour passer le relais. Il ne faudrait donc pas jeter le b\u00e9b\u00e9 avec l\u2019eau du bain. Les relations entre le pays de Emmanuel Macron et ses ex-colonies ne sont pas exemptes de tout reproche.<\/p>\n<p>Mais il faut admettre que dans cette lutte contre l\u2019hydre terroriste au Sahel, les soldats fran\u00e7ais ne partagent pas seulement les m\u00eames risques que leurs fr\u00e8res d\u2019arme du Mali, du Burkina Faso, du Niger, du Tchad\u2026 Ils doivent aussi faire face \u00e0 des r\u00e9criminations plus ou moins ouvertes d\u2019une certaine opinion publique. Les jeunes g\u00e9n\u00e9rations en particulier, doivent faire preuve de recul face \u00e0 ce vent de populisme, car la guerre dite de 4e g\u00e9n\u00e9ration, inaugur\u00e9e en Syrie, ignore les questions de souverainet\u00e9. Cette guerre globalisante, asym\u00e9trique, combine commandement \u00e0 distance, r\u00e9volution de l\u2019information en temps r\u00e9el, armes High Tech et mobilise des populations dans les domaines politique, \u00e9conomique, social et culturel.<\/p>\n<p>Pour cause de terrorisme, une instabilit\u00e9 au Mali, au Burkina, au Niger ou dans un autre pays va, \u00e0 coup s\u00fbr, avoir des r\u00e9percussions sur l\u2019Europe. Le flux migratoire clandestin, engendr\u00e9 par la crise libyenne, en est un exemple.<br \/>Les relations entre la France et ses anciennes colonies sont \u00e9tablies sur des accords et conventions avec des clauses clairement d\u00e9finies. De ce fait, les r\u00e9alit\u00e9s d\u2019hier n\u2019\u00e9tant pas forc\u00e9ment celles d\u2019aujourd\u2019hui, ces textes peuvent \u00eatre retouch\u00e9s pour r\u00e9pondre aux exigences du moment.<\/p>\n<p>Mais la d\u00e9cision doit venir du plus haut sommet des Etats. Il revient aux premi\u00e8res autorit\u00e9s des pays concern\u00e9s de prendre les devants en lieu et place des experts autoproclam\u00e9s en relations internationales. Ces derniers ignorent le plus souvent les subtilit\u00e9s qui lient leur pays \u00e0 l\u2019Hexagone. A tel point que les d\u00e9clarations et autres allusions ont fini par cr\u00e9er une pol\u00e9mique inutile sur la pr\u00e9sence militaire au Sahel.<br \/>La coop\u00e9ration avec l\u2019arm\u00e9e fran\u00e7aise ne devrait pourtant pas \u00eatre source d\u2019\u00e9ventuelles brouilles entre Paris et Ouagadougou.<\/p>\n<p>Mais la sortie m\u00e9diatique d\u2019hier du ministre des Affaires \u00e9trang\u00e8res, Alpha Barry sur cette question, semble proc\u00e9der de cette n\u00e9cessaire reprise en main d\u2019une pr\u00e9occupation oh combien sensible\u2026La r\u00e9alit\u00e9 est que le terrorisme est l\u00e0 et le plus important est d\u2019unir toutes les forces, d\u2019o\u00f9 qu\u2019elles viennent, pour le combattre. Ce n\u2019est pas au moment o\u00f9 le pays a besoin de ses partenaires qu\u2019il faut jeter l\u2019opprobre sur eux. A moins de vouloir se livrer pieds et mains li\u00e9s \u00e0 l\u2019ennemi.<\/p>\n<p class=\"c1\"><strong>Par Mahamadi TIEGNA<\/strong><\/p>\n<div class=\"td-a-rec td-a-rec-id-content_bottom tdi_30_4f4 td_block_template_1\"><img loading=\"lazy\" decoding=\"async\" class=\"aligncenter size-full wp-image-9623\" src=\"https:\/\/www.sidwaya.info\/wp-content\/uploads\/2019\/06\/Projet-bannie%CC%80re-Orange-mobile.jpg\" alt=\"\" width=\"728\" height=\"81\"\/><\/div>\n<p>Auteur: JK. Sidwaya<br \/>\n<a href=\"https:\/\/www.sidwaya.info\/blog\/2019\/12\/01\/reprendre-la-main\/\">Cliquez ici pour lire l&rsquo;article depuis sa source.<\/a><\/p>\n","protected":false},"excerpt":{"rendered":"<p>La France rend hommage, cet apr\u00e8s-midi, aux 13 soldats de la force Barkhane, morts au Mali dans un accident d\u2019h\u00e9licopt\u00e8re, le 25 novembre 2019. 2 500 personnes sont attendues \u00e0 cet effet \u00e0 la Place des Invalides dont le pr\u00e9sident malien, Ibrahim Boubacar Ke\u00efta. La c\u00e9r\u00e9monie est particuli\u00e8re, selon l\u2019Elys\u00e9e, car l\u2019incident a enregistr\u00e9 le [&hellip;]<\/p>\n","protected":false},"author":1816,"featured_media":0,"comment_status":"closed","ping_status":"closed","sticky":false,"template":"","format":"standard","meta":{"fifu_image_url":"","fifu_image_alt":"","footnotes":""},"categories":[73,81],"tags":[],"class_list":["post-69091","post","type-post","status-publish","format-standard","hentry","category-actualite","category-burkina-faso"],"_links":{"self":[{"href":"https:\/\/linitiative.ca\/International\/wp-json\/wp\/v2\/posts\/69091","targetHints":{"allow":["GET"]}}],"collection":[{"href":"https:\/\/linitiative.ca\/International\/wp-json\/wp\/v2\/posts"}],"about":[{"href":"https:\/\/linitiative.ca\/International\/wp-json\/wp\/v2\/types\/post"}],"author":[{"embeddable":true,"href":"https:\/\/linitiative.ca\/International\/wp-json\/wp\/v2\/users\/1816"}],"replies":[{"embeddable":true,"href":"https:\/\/linitiative.ca\/International\/wp-json\/wp\/v2\/comments?post=69091"}],"version-history":[{"count":0,"href":"https:\/\/linitiative.ca\/International\/wp-json\/wp\/v2\/posts\/69091\/revisions"}],"wp:attachment":[{"href":"https:\/\/linitiative.ca\/International\/wp-json\/wp\/v2\/media?parent=69091"}],"wp:term":[{"taxonomy":"category","embeddable":true,"href":"https:\/\/linitiative.ca\/International\/wp-json\/wp\/v2\/categories?post=69091"},{"taxonomy":"post_tag","embeddable":true,"href":"https:\/\/linitiative.ca\/International\/wp-json\/wp\/v2\/tags?post=69091"}],"curies":[{"name":"wp","href":"https:\/\/api.w.org\/{rel}","templated":true}]}}