{"id":69093,"date":"2019-12-01T17:31:56","date_gmt":"2019-12-01T22:31:56","guid":{"rendered":"https:\/\/linitiative.ca\/International\/relance-de-leconomie-burkinabe-le-ministre-lassane-kabore-echange-avec-les-hommes-daffaires\/"},"modified":"2019-12-01T17:31:56","modified_gmt":"2019-12-01T22:31:56","slug":"relance-de-leconomie-burkinabe-le-ministre-lassane-kabore-echange-avec-les-hommes-daffaires","status":"publish","type":"post","link":"https:\/\/linitiative.ca\/International\/relance-de-leconomie-burkinabe-le-ministre-lassane-kabore-echange-avec-les-hommes-daffaires\/","title":{"rendered":"Relance de l\u2019\u00e9conomie burkinab\u00e8 : Le ministre Lassan\u00e9 Kabor\u00e9 \u00e9change avec les hommes d\u2019affaires"},"content":{"rendered":"<div class=\"td-post-featured-image\" readability=\"36\"><a href=\"https:\/\/i2.wp.com\/www.sidwaya.info\/wp-content\/uploads\/2019\/12\/lassane.gif?fit=700%2C493&#038;ssl=1\" data-caption=\"Cet \u00e9change de notes entre le ministre Lassan\u00e9 Kabor\u00e9 et le pr\u00e9sident de la CCI-BF, Mahamadi Savadogo, conc\u00e8de \u00e0 la CCI-BF la gestion des aspects op\u00e9rationnels des r\u00e9gimes d\u2019\u00e9dition et de s\u00e9curisation des factures normalis\u00e9es.\"><img loading=\"lazy\" decoding=\"async\" width=\"696\" height=\"490\" class=\"entry-thumb td-modal-image\" src=\"https:\/\/i2.wp.com\/www.sidwaya.info\/wp-content\/uploads\/2019\/12\/lassane.gif?resize=696%2C490&#038;ssl=1\" alt=\"\" title=\"lassane\"\/><\/a>Cet \u00e9change de notes entre le ministre Lassan\u00e9 Kabor\u00e9 et le pr\u00e9sident de la CCI-BF, Mahamadi Savadogo, conc\u00e8de \u00e0 la CCI-BF la gestion des aspects op\u00e9rationnels des r\u00e9gimes d\u2019\u00e9dition et de s\u00e9curisation des factures normalis\u00e9es.<\/div>\n<p><strong>La Chambre de commerce et d\u2019industrie du Burkina Faso (CCI-BF) a organis\u00e9, le jeudi 28 novembre 2019 \u00e0 Ouagadougou, au profit des hommes d\u2019affaires burkinab\u00e8, une rencontre d\u2019\u00e9changes avec le minist\u00e8re de l\u2019Economie, des Finances et du D\u00e9veloppement.<\/strong><\/p>\n<p>Dans le cadre de sa mission d\u2019accompagnement des entreprises, la Chambre de commerce et d\u2019industrie du Burkina Faso (CCI-BF) veut s\u2019enqu\u00e9rir des pr\u00e9occupations des acteurs du secteur priv\u00e9. Elle a organis\u00e9, \u00e0 cet effet, une rencontre d\u2019\u00e9changes avec le minist\u00e8re de l\u2019Economie, des Finances et du D\u00e9veloppement en vue de trouver des voies et moyens pour une v\u00e9ritable relance \u00e9conomique du Burkina Faso.<\/p>\n<p>Cette rencontre a permis au ministre de l\u2019Economie, des Finances et du D\u00e9veloppement, Lassan\u00e9 Kabor\u00e9, d\u2019\u00e9changer avec les \u00e9lus consulaires et les hommes d\u2019affaires burkinab\u00e8. A l\u2019issue des \u00e9changes, le minist\u00e8re en charge de l\u2019\u00e9conomie et la CCI-BF ont sign\u00e9 une convention de concession pour la gestion des aspects op\u00e9rationnels des r\u00e9gimes d\u2019\u00e9dition et de s\u00e9curisation des factures normalis\u00e9es. Selon le ministre Kabor\u00e9, cette convention vise \u00e0 conc\u00e9der \u00e0 la CCI-BF la gestion de la proc\u00e9dure d\u2019\u00e9dition, de s\u00e9curisation et de distribution des factures normalis\u00e9es pr\u00e9-imprim\u00e9es et la gestion de l\u2019approvisionnement et de la distribution des stickers pour les factures normalis\u00e9es personnalis\u00e9es.<\/p>\n<p>Elle permettra ainsi, a-t-il ajout\u00e9, d\u2019envisager la mise en place, au cours du premier semestre 2020, de la facture normalis\u00e9e pr\u00e9-imprim\u00e9e pour les micro-entreprises et les petites entreprises. Cette c\u00e9r\u00e9monie de signature, a soulign\u00e9 M. Kabor\u00e9, est l\u2019aboutissement d\u2019un long processus qui a r\u00e9uni pendant des mois les services techniques de la direction g\u00e9n\u00e9rale des imp\u00f4ts et ceux de la CCI-BF ; c\u2019est aussi la concr\u00e9tisation d\u2019une volont\u00e9 commune des deux institutions de conjuguer leurs efforts dans la lutte contre la fraude fiscale, le faux et l\u2019usage de faux dans les transactions commerciales.<\/p>\n<p>La signature, a-t-il appuy\u00e9, s\u2019inscrit \u00e9galement dans le cadre de la mise en \u0153uvre de la politique de son d\u00e9partement en mati\u00e8re d\u2019am\u00e9lioration des services rendus aux contribuables. Elle permettra aux contribuables de toutes les cat\u00e9gories (microentreprises, petites entreprises, moyennes entreprises et grandes entreprises) de disposer d\u2019 un large r\u00e9seau de distribution des stickers et des factures normalis\u00e9es pr\u00e9-imprim\u00e9es, a-t-il indiqu\u00e9. Le ministre a salu\u00e9 la qualit\u00e9 du partenariat entre son d\u00e9partement et la CCI-BF.<\/p>\n<h3>Une convention pour renforcer le partenariat<\/h3>\n<p>Le pr\u00e9sident de la CCI-BF, Mahamadi Savadogo, a rench\u00e9ri que la signature de convention pour la gestion de la facture normalis\u00e9e est un pas important dans la mise en place d\u2019un package de services conc\u00e9d\u00e9s que la Chambre de commerce offrira au secteur priv\u00e9.<br \/>Il a, par ailleurs, mentionn\u00e9 que cette s\u00e9ance a donn\u00e9 l\u2019opportunit\u00e9 aux chefs d\u2019entreprises d\u2019\u00e9changer directement avec le ministre Kabor\u00e9 sur les orientations strat\u00e9giques du d\u00e9partement en charge de l\u2019\u00e9conomie pour consolider les acquis \u00e9conomiques du pays et am\u00e9liorer sa r\u00e9silience dans le contexte s\u00e9curitaire.<\/p>\n<p>Il a traduit sa reconnaissance au ministre pour sa contribution \u00e0 l\u2019apaisement du climat social dans son d\u00e9partement et pour les nombreuses r\u00e9formes qui sont initi\u00e9es sur les questions de march\u00e9s publics, de douane et de fiscalit\u00e9 notamment. Cependant, il a relev\u00e9 certaines pr\u00e9occupations telles que le traitement diligent des factures des entreprises priv\u00e9es, la relance des activit\u00e9s de la Commission nationale de la fiscalit\u00e9 qui associe le secteur priv\u00e9, la relecture de la loi sur le partenariat public-priv\u00e9 pour favoriser l\u2019intervention des entreprises locales, la g\u00e9n\u00e9ralisation des clauses d\u2019association d\u2019entreprises locales dans l\u2019ex\u00e9cution des grands projets d\u2019infrastructures, etc.<\/p>\n<p>La situation s\u00e9curitaire, a insist\u00e9 le pr\u00e9sident de la CCI-BF, est d\u2019autant plus pr\u00e9occupante que les entreprises install\u00e9es dans certaines zones du pays sont \u00e0 l\u2019arr\u00eat et ne jouent plus leur partition dans la cr\u00e9ation de richesses et d\u2019emplois dans ces localit\u00e9s. Face \u00e0 cette situation, il a sugg\u00e9r\u00e9 que les mesures de renforcement de la r\u00e9silience dans les zones concern\u00e9es prennent en compte l\u2018accompagnement de ces entreprises.<\/p>\n<p class=\"c1\"><strong>Kowoma Marc DOH<\/strong><\/p>\n<div class=\"td-a-rec td-a-rec-id-content_bottom tdi_30_b6d td_block_template_1\"><img loading=\"lazy\" decoding=\"async\" class=\"aligncenter size-full wp-image-9623\" src=\"https:\/\/www.sidwaya.info\/wp-content\/uploads\/2019\/06\/Projet-bannie%CC%80re-Orange-mobile.jpg\" alt=\"\" width=\"728\" height=\"81\"\/><\/div>\n<p>Auteur: JK. Sidwaya<br \/>\n<a href=\"https:\/\/www.sidwaya.info\/blog\/2019\/12\/01\/relance-de-leconomie-burkinabe-le-ministre-lassane-kabore-echange-avec-les-hommes-daffaires\/\">Cliquez ici pour lire l&rsquo;article depuis sa source.<\/a><\/p>\n","protected":false},"excerpt":{"rendered":"<p>Cet \u00e9change de notes entre le ministre Lassan\u00e9 Kabor\u00e9 et le pr\u00e9sident de la CCI-BF, Mahamadi Savadogo, conc\u00e8de \u00e0 la CCI-BF la gestion des aspects op\u00e9rationnels des r\u00e9gimes d\u2019\u00e9dition et de s\u00e9curisation des factures normalis\u00e9es. La Chambre de commerce et d\u2019industrie du Burkina Faso (CCI-BF) a organis\u00e9, le jeudi 28 novembre 2019 \u00e0 Ouagadougou, au [&hellip;]<\/p>\n","protected":false},"author":1816,"featured_media":0,"comment_status":"closed","ping_status":"closed","sticky":false,"template":"","format":"standard","meta":{"fifu_image_url":"","fifu_image_alt":"","footnotes":""},"categories":[73,81],"tags":[],"class_list":["post-69093","post","type-post","status-publish","format-standard","hentry","category-actualite","category-burkina-faso"],"_links":{"self":[{"href":"https:\/\/linitiative.ca\/International\/wp-json\/wp\/v2\/posts\/69093","targetHints":{"allow":["GET"]}}],"collection":[{"href":"https:\/\/linitiative.ca\/International\/wp-json\/wp\/v2\/posts"}],"about":[{"href":"https:\/\/linitiative.ca\/International\/wp-json\/wp\/v2\/types\/post"}],"author":[{"embeddable":true,"href":"https:\/\/linitiative.ca\/International\/wp-json\/wp\/v2\/users\/1816"}],"replies":[{"embeddable":true,"href":"https:\/\/linitiative.ca\/International\/wp-json\/wp\/v2\/comments?post=69093"}],"version-history":[{"count":0,"href":"https:\/\/linitiative.ca\/International\/wp-json\/wp\/v2\/posts\/69093\/revisions"}],"wp:attachment":[{"href":"https:\/\/linitiative.ca\/International\/wp-json\/wp\/v2\/media?parent=69093"}],"wp:term":[{"taxonomy":"category","embeddable":true,"href":"https:\/\/linitiative.ca\/International\/wp-json\/wp\/v2\/categories?post=69093"},{"taxonomy":"post_tag","embeddable":true,"href":"https:\/\/linitiative.ca\/International\/wp-json\/wp\/v2\/tags?post=69093"}],"curies":[{"name":"wp","href":"https:\/\/api.w.org\/{rel}","templated":true}]}}