{"id":69094,"date":"2019-12-01T15:50:03","date_gmt":"2019-12-01T20:50:03","guid":{"rendered":"https:\/\/linitiative.ca\/International\/meurtre-dune-journaliste-a-malte-le-premier-ministre-annonce-quil-demissionnera-en-janvier\/"},"modified":"2019-12-01T15:50:03","modified_gmt":"2019-12-01T20:50:03","slug":"meurtre-dune-journaliste-a-malte-le-premier-ministre-annonce-quil-demissionnera-en-janvier","status":"publish","type":"post","link":"https:\/\/linitiative.ca\/International\/meurtre-dune-journaliste-a-malte-le-premier-ministre-annonce-quil-demissionnera-en-janvier\/","title":{"rendered":"Meurtre d\u2019une journaliste \u00e0 Malte: le Premier ministre annonce qu\u2019il d\u00e9missionnera en janvier"},"content":{"rendered":"<div readability=\"32\">\n<p>Publi\u00e9 le 01.12.2019 \u00e0 21h50 par AFP<\/p>\n<\/div>\n<div readability=\"109\">\n<p>Le Premier ministre maltais, Joseph Muscat, soup\u00e7onn\u00e9 d\u2019ing\u00e9rences dans l\u2019enqu\u00eate sur le meurtre de la journaliste Daphne Caruana Galizia et soumis \u00e0 une intense pression pour quitter ses fonctions, a annonc\u00e9 dimanche \u00e0 la t\u00e9l\u00e9vision qu\u2019il allait d\u00e9missionner en janvier.<\/p>\n<p>, au pouvoir depuis 2013, n\u2019a pas \u00e9voqu\u00e9 dans son allocution le meurtre de la journaliste, affirmant qu\u2019il allait d\u00e9missionner apr\u00e8s la d\u00e9signation d\u2019ici le 12 janvier de son successeur, \u00ab\u00a0car c\u2019est la chose \u00e0 faire\u00a0\u00bb.<\/p>\n<p>Il avait obtenu plus t\u00f4t dans la journ\u00e9e le soutien de parlementaires et ministres de sa formation politique, le Parti travailliste, pour rester en poste jusqu\u2019en janvier.<\/p>\n<p>Samedi, des sources au Parti travailliste avaient indiqu\u00e9 que le parti se choisirait un nouveau dirigeant le 18 janvier et que M. Muscat \u00ab\u00a0d\u00e9missionnerait formellement quand le nouveau chef sera choisi\u00a0\u00bb.<\/p>\n<p>La pression s\u2019est intensifi\u00e9e ces derniers jours sur le chef du gouvernement travailliste pour qu\u2019il quitte imm\u00e9diatement ses fonctions.<\/p>\n<p>La famille de la journaliste , tu\u00e9e dans l\u2019explosion de sa voiture pi\u00e9g\u00e9e le 16 octobre 2017, l\u2019opposition (Parti nationaliste) et des mouvements civiques l\u2019ont accus\u00e9 d\u2019intervenir dans l\u2019enqu\u00eate, notamment pour prot\u00e9ger son chef de cabinet, Keith Schembri.<\/p>\n<p>Les d\u00e9tracteurs de M. Muscat le soup\u00e7onnent d\u2019avoir oblig\u00e9 le gouvernement \u00e0 rejeter cette semaine une mesure de gr\u00e2ce pour l\u2019entrepreneur Yorgen Fenech, inculp\u00e9 pour complicit\u00e9 dans l\u2019assassinat de la journaliste, qui promettait en \u00e9change de dire \u00ab\u00a0tout ce qu\u2019il sait\u00a0\u00bb.<\/p>\n<p>Ce magnat de 38 ans, copropri\u00e9taire du groupe familial Tumas (h\u00f4tellerie, casinos, automobile, \u00e9nergie) venait alors de d\u00e9signer \u00e0 la police M. Schembri comme le \u00ab\u00a0vrai commanditaire\u00a0\u00bb du meurtre.<\/p>\n<p>Le chef de cabinet a d\u00e9missionn\u00e9 en milieu de semaine en m\u00eame temps que le ministre du Tourisme, Konrad Mizzi.<\/p>\n<p>Entendu par les enqu\u00eateurs, M. Schembri est ressorti libre jeudi, d\u00e9clenchant la col\u00e8re de la famille Caruana Galizia qui a argu\u00e9 qu&rsquo;\u00a0\u00bbau moins deux t\u00e9moins et de multiples indices impliquent Schembri dans l\u2019assassinat\u00a0\u00bb.<\/p>\n<p>Daphne Caruana Galizia avait creus\u00e9 la partie maltaise des Panama Papers, qui r\u00e9v\u00e9laient l\u2019existence au Panama de nombreux comptes offshore ouverts par des entreprises et personnalit\u00e9s du monde entier, et d\u00e9couvert des documents reliant notamment des soci\u00e9t\u00e9s panam\u00e9ennes \u00e0 Schembri et Mizzi.<\/p>\n<p>Elle avait aussi r\u00e9v\u00e9l\u00e9 qu\u2019une soci\u00e9t\u00e9 de Dubai, la 17 Black, avait pay\u00e9 2 millions d\u2019euros \u00e0 MM. Schembri et Mizzi pour des services non pr\u00e9cis\u00e9s. Le consortium de journalistes Daphne Project, qui a repris ses enqu\u00eates, a r\u00e9v\u00e9l\u00e9 que la 17 Black appartenait \u00e0 Fenech.<\/p>\n<p>Des milliers de manifestants \u00e9taient attendus dimanche en d\u00e9but de soir\u00e9e pour r\u00e9clamer la d\u00e9mission de M. Muscat, pour la septi\u00e8me fois en deux semaines.<\/p>\n<\/div>\n<p>Auteur: AFP<br \/>\n<a href=\"https:\/\/www.journalducameroun.com\/meurtre-dune-journaliste-a-malte-le-premier-ministre-annonce-quil-demissionnera-en-janvier\/\">Cliquez ici pour lire l&rsquo;article depuis sa source.<\/a><\/p>\n","protected":false},"excerpt":{"rendered":"<p>Publi\u00e9 le 01.12.2019 \u00e0 21h50 par AFP Le Premier ministre maltais, Joseph Muscat, soup\u00e7onn\u00e9 d\u2019ing\u00e9rences dans l\u2019enqu\u00eate sur le meurtre de la journaliste Daphne Caruana Galizia et soumis \u00e0 une intense pression pour quitter ses fonctions, a annonc\u00e9 dimanche \u00e0 la t\u00e9l\u00e9vision qu\u2019il allait d\u00e9missionner en janvier. , au pouvoir depuis 2013, n\u2019a pas \u00e9voqu\u00e9 [&hellip;]<\/p>\n","protected":false},"author":1965,"featured_media":0,"comment_status":"closed","ping_status":"closed","sticky":false,"template":"","format":"standard","meta":{"fifu_image_url":"","fifu_image_alt":"","footnotes":""},"categories":[73,82],"tags":[],"class_list":["post-69094","post","type-post","status-publish","format-standard","hentry","category-actualite","category-cameroun"],"_links":{"self":[{"href":"https:\/\/linitiative.ca\/International\/wp-json\/wp\/v2\/posts\/69094","targetHints":{"allow":["GET"]}}],"collection":[{"href":"https:\/\/linitiative.ca\/International\/wp-json\/wp\/v2\/posts"}],"about":[{"href":"https:\/\/linitiative.ca\/International\/wp-json\/wp\/v2\/types\/post"}],"author":[{"embeddable":true,"href":"https:\/\/linitiative.ca\/International\/wp-json\/wp\/v2\/users\/1965"}],"replies":[{"embeddable":true,"href":"https:\/\/linitiative.ca\/International\/wp-json\/wp\/v2\/comments?post=69094"}],"version-history":[{"count":0,"href":"https:\/\/linitiative.ca\/International\/wp-json\/wp\/v2\/posts\/69094\/revisions"}],"wp:attachment":[{"href":"https:\/\/linitiative.ca\/International\/wp-json\/wp\/v2\/media?parent=69094"}],"wp:term":[{"taxonomy":"category","embeddable":true,"href":"https:\/\/linitiative.ca\/International\/wp-json\/wp\/v2\/categories?post=69094"},{"taxonomy":"post_tag","embeddable":true,"href":"https:\/\/linitiative.ca\/International\/wp-json\/wp\/v2\/tags?post=69094"}],"curies":[{"name":"wp","href":"https:\/\/api.w.org\/{rel}","templated":true}]}}