{"id":69095,"date":"2019-12-01T15:50:04","date_gmt":"2019-12-01T20:50:04","guid":{"rendered":"https:\/\/linitiative.ca\/International\/apres-la-decision-de-washington-nouvelle-colonie-israelienne-a-hebron\/"},"modified":"2019-12-01T15:50:04","modified_gmt":"2019-12-01T20:50:04","slug":"apres-la-decision-de-washington-nouvelle-colonie-israelienne-a-hebron","status":"publish","type":"post","link":"https:\/\/linitiative.ca\/International\/apres-la-decision-de-washington-nouvelle-colonie-israelienne-a-hebron\/","title":{"rendered":"Apr\u00e8s la d\u00e9cision de Washington, nouvelle colonie isra\u00e9lienne \u00e0 H\u00e9bron"},"content":{"rendered":"<div readability=\"32\">\n<p>Publi\u00e9 le 01.12.2019 \u00e0 21h50 par AFP<\/p>\n<\/div>\n<div readability=\"150\">\n<p>Isra\u00ebl a annonc\u00e9 dimanche de nouvelles habitations pour les colons juifs dans le centre de H\u00e9bron, ville de Cisjordanie occup\u00e9e o\u00f9 le climat est d\u00e9j\u00e0 tendu, un projet d\u00e9cri\u00e9 par les Palestiniens comme un \u00ab\u00a0premier r\u00e9sultat\u00a0\u00bb concret de la nouvelle politique de Washington.<\/p>\n<p>Cette annonce, premi\u00e8re mesure concr\u00e8te concernant les colonies depuis le revirement fin novembre des Etats-Unis selon qui elles ne violent pas le droit international, intervient au lendemain de la mort d\u2019un Palestinien pr\u00e8s de cette ville.<\/p>\n<p>Celui-ci a \u00e9t\u00e9 tu\u00e9 par les forces isra\u00e9liennes alors qu\u2019il jetait avec deux autres personnes des bombes incendiaires sur des v\u00e9hicules isra\u00e9liens, selon les autorit\u00e9s isra\u00e9liennes.<\/p>\n<p>Elle intervient aussi alors que le spectre de nouvelles \u00e9lections plane sur Isra\u00ebl, les d\u00e9put\u00e9s \u00e9tant incapables de s\u2019entendre sur un prochain chef de gouvernement dans la foul\u00e9e des \u00e9lections de septembre qui n\u2019ont pas r\u00e9ussi \u00e0 d\u00e9partager le Premier ministre Benjamin Netanyahu et son rival Benny Gantz.<\/p>\n<p>Tentant de multiplier ses appuis dans cette course, M. Netanyahu a r\u00e9cemment abandonn\u00e9 son poste de ministre de la D\u00e9fense pour l\u2019attribue \u00e0 Naftali Bennett, un d\u00e9put\u00e9 de l\u2019ultra-droite isra\u00e9lienne.<\/p>\n<p>Dimanche, M. Bennett qui, comme son pr\u00e9d\u00e9cesseur, courtise l\u2019\u00e9lectorat strat\u00e9gique des colonies, a ordonn\u00e9 \u00e0 ses fonctionnaires \u00ab\u00a0de notifier \u00e0 la municipalit\u00e9 de H\u00e9bron qu\u2019un nouveau quartier juif allait \u00eatre planifi\u00e9\u00a0\u00bb dans l\u2019ancien march\u00e9 central, selon un communiqu\u00e9 de son minist\u00e8re.<\/p>\n<p>La ville de H\u00e9bron est une poudri\u00e8re o\u00f9 environ 800 juifs vivent, pour la plupart par conviction id\u00e9ologique, sous haute protection militaire, parmi 200.000 Palestiniens.<\/p>\n<p>Les habitants palestiniens de H\u00e9bron manifestent r\u00e9guli\u00e8rement pour la r\u00e9ouverture de la rue Shuhada (\u00ab\u00a0des martyrs\u00a0\u00bb, en fran\u00e7ais), jadis le centre \u00e9conomique de la vieille ville, aujourd\u2019hui ferm\u00e9e \u00e0 la circulation en raison des colons qui vivent \u00e0 proximit\u00e9.<\/p>\n<p>\u2013 Apr\u00e8s Trump \u2013<\/p>\n<p>A la suite du massacre de dizaines de Juifs par des Arabes en 1929, H\u00e9bron s\u2019\u00e9tait vid\u00e9e de pr\u00e9sence juive, jusqu\u2019\u00e0 leur retour en 1967, quand Isra\u00ebl a pris le contr\u00f4le de la Cisjordanie lors de la guerre des Six Jours.<\/p>\n<p>Depuis 1967, la colonisation par Isra\u00ebl de la Cisjordanie occup\u00e9e s\u2019est poursuivie sous tous les gouvernements isra\u00e9liens, et elle s\u2019est acc\u00e9l\u00e9r\u00e9e ces derni\u00e8res ann\u00e9es sous l\u2019impulsion de Benjamin Netanyahu et de son alli\u00e9 \u00e0 Washington, le pr\u00e9sident Donald Trump.<\/p>\n<p>Plus de 600.000 Isra\u00e9liens vivent dans des colonies en Cisjordanie et \u00e0 J\u00e9rusalem-Est, qui n\u2019ont \u00ab\u00a0aucun fondement en droit\u00a0\u00bb et constituent une \u00ab\u00a0violation flagrante du droit international\u00a0\u00bb selon la r\u00e9solution 2334 du Conseil de s\u00e9curit\u00e9 de l\u2019ONU.<\/p>\n<p>Les Etats-Unis, alli\u00e9 cl\u00e9 d\u2019Isra\u00ebl, ont toutefois chang\u00e9 fin novembre leur politique sur les colonies, affirmant qu\u2019elles ne violaient pas, selon Washington, le droit international.<\/p>\n<p>La d\u00e9cision isra\u00e9lienne de construire de nouvelles habitations pour des colons \u00e0 H\u00e9bron est \u00ab\u00a0le premier r\u00e9sultat tangible de la d\u00e9cision am\u00e9ricaine de l\u00e9gitimer la colonisation\u00a0\u00bb, a r\u00e9agi le Secr\u00e9taire g\u00e9n\u00e9ral de l\u2019Organisation de Lib\u00e9ration de la Palestine (OLP) Sa\u00ebb Erekat. \u00ab\u00a0Des mesures concr\u00e8tes, incluant des sanctions contre les colonies, sont une responsabilit\u00e9 internationale\u00a0\u00bb, a-t-il ajout\u00e9.<\/p>\n<p>Cette d\u00e9cision est \u00ab\u00a0mauvaise du point de vue de la morale, de la s\u00e9curit\u00e9 et en termes \u00ab\u00a0, d\u2019autant que la \u00ab\u00a0colonie \u00e0 H\u00e9bron rev\u00eat le visage le plus laid de la politique isra\u00e9lienne de contr\u00f4le des Territoires occup\u00e9s\u00a0\u00bb, a comment\u00e9 l\u2019ONG Peace Now, qui suit de pr\u00e8s ce dossier sensible.<\/p>\n<p>\u2013 90 ans plus tard \u2013<\/p>\n<p>Le Premier ministre Netanyahu s\u2019\u00e9tait rendu en septembre, pour la premi\u00e8re fois depuis 21 ans, \u00e0 H\u00e9bron, affirmant que les Juifs allaient y rester \u00ab\u00a0\u00e9ternellement\u00a0\u00bb.<\/p>\n<p>Le lieu indiqu\u00e9 par M. Bennett pour les nouvelles habitations destin\u00e9es aux colons correspond \u00e0 celui du march\u00e9 anim\u00e9 il y a 90 ans par la communaut\u00e9 juive, selon le conseil local des colons.<\/p>\n<p>\u00ab\u00a0R\u00e9cup\u00e9rer les terres des gens assassin\u00e9s des mains du maire assassin de H\u00e9bron est un acte de justice historique que le peuple juif attend depuis 90 ans\u00a0\u00bb, a affirm\u00e9 le conseil en remerciant \u00ab\u00a0du fond du coeur\u00a0\u00bb le ministre Bennett pour cette mesure qui pourrait attiser les tensions locales.<\/p>\n<p>La ville de H\u00e9bron, th\u00e9\u00e2tre hebdomadaire de manifestations contre la colonisation des Territoires palestiniens, est surtout connue pour son tombeau des Patriarches, deuxi\u00e8me lieu saint du juda\u00efsme, \u00e9galement r\u00e9v\u00e9r\u00e9 par les musulmans comme la mosqu\u00e9e d\u2019Ibrahim.<\/p>\n<\/div>\n<p>Auteur: AFP<br \/>\n<a href=\"https:\/\/www.journalducameroun.com\/apres-la-decision-de-washington-nouvelle-colonie-israelienne-a-hebron\/\">Cliquez ici pour lire l&rsquo;article depuis sa source.<\/a><\/p>\n","protected":false},"excerpt":{"rendered":"<p>Publi\u00e9 le 01.12.2019 \u00e0 21h50 par AFP Isra\u00ebl a annonc\u00e9 dimanche de nouvelles habitations pour les colons juifs dans le centre de H\u00e9bron, ville de Cisjordanie occup\u00e9e o\u00f9 le climat est d\u00e9j\u00e0 tendu, un projet d\u00e9cri\u00e9 par les Palestiniens comme un \u00ab\u00a0premier r\u00e9sultat\u00a0\u00bb concret de la nouvelle politique de Washington. Cette annonce, premi\u00e8re mesure concr\u00e8te [&hellip;]<\/p>\n","protected":false},"author":1965,"featured_media":0,"comment_status":"closed","ping_status":"closed","sticky":false,"template":"","format":"standard","meta":{"fifu_image_url":"","fifu_image_alt":"","footnotes":""},"categories":[73,82],"tags":[],"class_list":["post-69095","post","type-post","status-publish","format-standard","hentry","category-actualite","category-cameroun"],"_links":{"self":[{"href":"https:\/\/linitiative.ca\/International\/wp-json\/wp\/v2\/posts\/69095","targetHints":{"allow":["GET"]}}],"collection":[{"href":"https:\/\/linitiative.ca\/International\/wp-json\/wp\/v2\/posts"}],"about":[{"href":"https:\/\/linitiative.ca\/International\/wp-json\/wp\/v2\/types\/post"}],"author":[{"embeddable":true,"href":"https:\/\/linitiative.ca\/International\/wp-json\/wp\/v2\/users\/1965"}],"replies":[{"embeddable":true,"href":"https:\/\/linitiative.ca\/International\/wp-json\/wp\/v2\/comments?post=69095"}],"version-history":[{"count":0,"href":"https:\/\/linitiative.ca\/International\/wp-json\/wp\/v2\/posts\/69095\/revisions"}],"wp:attachment":[{"href":"https:\/\/linitiative.ca\/International\/wp-json\/wp\/v2\/media?parent=69095"}],"wp:term":[{"taxonomy":"category","embeddable":true,"href":"https:\/\/linitiative.ca\/International\/wp-json\/wp\/v2\/categories?post=69095"},{"taxonomy":"post_tag","embeddable":true,"href":"https:\/\/linitiative.ca\/International\/wp-json\/wp\/v2\/tags?post=69095"}],"curies":[{"name":"wp","href":"https:\/\/api.w.org\/{rel}","templated":true}]}}