{"id":69096,"date":"2019-12-01T15:50:05","date_gmt":"2019-12-01T20:50:05","guid":{"rendered":"https:\/\/linitiative.ca\/International\/burkina-au-moins-dix-morts-lors-dune-attaque-contre-une-eglise-protestante\/"},"modified":"2019-12-01T15:50:05","modified_gmt":"2019-12-01T20:50:05","slug":"burkina-au-moins-dix-morts-lors-dune-attaque-contre-une-eglise-protestante","status":"publish","type":"post","link":"https:\/\/linitiative.ca\/International\/burkina-au-moins-dix-morts-lors-dune-attaque-contre-une-eglise-protestante\/","title":{"rendered":"Burkina: au moins dix morts lors d\u2019une attaque contre une \u00e9glise protestante"},"content":{"rendered":"<div readability=\"32\">\n<p>Publi\u00e9 le 01.12.2019 \u00e0 21h50 par AFP<\/p>\n<\/div>\n<div readability=\"99\">\n<p>Au moins dix fid\u00e8les dont \u00ab\u00a0des enfants\u00a0\u00bb ont \u00e9t\u00e9 tu\u00e9s dimanche pendant un service religieux lors de l\u2019attaque d\u2019une \u00e9glise protestante \u00e0 Hantoukoura, dans l\u2019est du Burkina Faso, qui a d\u00e9j\u00e0 enregistr\u00e9 plusieurs attaques jihadistes contre des lieux de culte, a appris l\u2019AFP de sources s\u00e9curitaires.<\/p>\n<p>\u00ab\u00a0Plus d\u2019une dizaine de personnes qui assistaient \u00e0 la messe ont \u00e9t\u00e9 tu\u00e9es lors d\u2019une attaque qui a vis\u00e9 l\u2019\u00e9glise protestante de Hantoukoura\u00a0\u00bb, localit\u00e9 de la commune de Foutouri, frontali\u00e8re du Niger, a indiqu\u00e9 une source s\u00e9curitaire. Cette attaque \u00ab\u00a0signal\u00e9e aux environs de 12H00\u00a0\u00bb a \u00e9t\u00e9 perp\u00e9tr\u00e9e par une \u00ab\u00a0dizaine d\u2019individus lourdement arm\u00e9s\u00a0\u00bb, qui \u00ab\u00a0ont ex\u00e9cut\u00e9 froidement les fid\u00e8les, dont le pasteur de l\u2019\u00e9glise et des enfants\u00a0\u00bb, a pr\u00e9cis\u00e9 la m\u00eame source.<\/p>\n<p>Selon une autre source s\u00e9curitaire, le bilan serait de \u00ab\u00a014 morts, tous de sexe masculin\u00a0\u00bb. Une \u00ab\u00a0op\u00e9ration de ratissage\u00a0\u00bb a \u00e9t\u00e9 lanc\u00e9e par le groupement militaire de Foutouri pour retrouver les \u00ab\u00a0traces des assaillants\u00a0\u00bb qui se sont \u00ab\u00a0enfuis en motocyclettes\u00a0\u00bb, a indiqu\u00e9 cette source.<\/p>\n<p>Les attaques, attribu\u00e9es \u00e0 des groupes jihadistes, contre les \u00e9glises ou des religieux chr\u00e9tiens se sont multipli\u00e9es r\u00e9cemment au Burkina Faso, pays sah\u00e9lien pauvre d\u2019Afrique de l\u2019Ouest.<\/p>\n<p>Le 26 mai, quatre fid\u00e8les avaient \u00e9t\u00e9 tu\u00e9s lors d\u2019une attaque contre une \u00e9glise catholique \u00e0 Toulf\u00e9, localit\u00e9 du nord du pays.<\/p>\n<p>Le 13 mai, quatre catholiques avaient \u00e9t\u00e9 tu\u00e9s lors d\u2019une procession religieuse en honneur de la Vierge Marie \u00e0 Zimtenga, toujours dans le Nord.<\/p>\n<p>La veille, six personnes dont un pr\u00eatre, avaient \u00e9t\u00e9 tu\u00e9s lors d\u2019une attaque pendant la messe dans une \u00e9glise catholique \u00e0 Dablo, une commune de la province du Sanmatenga, \u00e9galement dans le nord du pays.<\/p>\n<p>Le 29 avril, six personnes avaient \u00e9t\u00e9 tu\u00e9es lors de l\u2019attaque de l\u2019\u00e9glise protestante de Silgadji, dans le nord.<\/p>\n<p>\u00c0 la mi-mars, l\u2019abb\u00e9 Jo\u00ebl Yougbar\u00e9, cur\u00e9 de Djibo (nord), avait \u00e9t\u00e9 enlev\u00e9 par des individus arm\u00e9s. Le 15 f\u00e9vrier, le p\u00e8re C\u00e9sar Fernandez, missionnaire sal\u00e9sien d\u2019origine espagnole, avait \u00e9t\u00e9 tu\u00e9 dans le centre du Burkina Faso.<\/p>\n<p>Plusieurs imams ont \u00e9galement \u00e9t\u00e9 assassin\u00e9s par les jihadistes dans le nord du Burkina depuis le d\u00e9but des attaques il y a quatre ans.<\/p>\n<\/div>\n<p>Auteur: AFP<br \/>\n<a href=\"https:\/\/www.journalducameroun.com\/burkina-au-moins-dix-morts-lors-dune-attaque-contre-une-eglise-protestante\/\">Cliquez ici pour lire l&rsquo;article depuis sa source.<\/a><\/p>\n","protected":false},"excerpt":{"rendered":"<p>Publi\u00e9 le 01.12.2019 \u00e0 21h50 par AFP Au moins dix fid\u00e8les dont \u00ab\u00a0des enfants\u00a0\u00bb ont \u00e9t\u00e9 tu\u00e9s dimanche pendant un service religieux lors de l\u2019attaque d\u2019une \u00e9glise protestante \u00e0 Hantoukoura, dans l\u2019est du Burkina Faso, qui a d\u00e9j\u00e0 enregistr\u00e9 plusieurs attaques jihadistes contre des lieux de culte, a appris l\u2019AFP de sources s\u00e9curitaires. \u00ab\u00a0Plus d\u2019une [&hellip;]<\/p>\n","protected":false},"author":1965,"featured_media":0,"comment_status":"closed","ping_status":"closed","sticky":false,"template":"","format":"standard","meta":{"fifu_image_url":"","fifu_image_alt":"","footnotes":""},"categories":[73,82],"tags":[],"class_list":["post-69096","post","type-post","status-publish","format-standard","hentry","category-actualite","category-cameroun"],"_links":{"self":[{"href":"https:\/\/linitiative.ca\/International\/wp-json\/wp\/v2\/posts\/69096","targetHints":{"allow":["GET"]}}],"collection":[{"href":"https:\/\/linitiative.ca\/International\/wp-json\/wp\/v2\/posts"}],"about":[{"href":"https:\/\/linitiative.ca\/International\/wp-json\/wp\/v2\/types\/post"}],"author":[{"embeddable":true,"href":"https:\/\/linitiative.ca\/International\/wp-json\/wp\/v2\/users\/1965"}],"replies":[{"embeddable":true,"href":"https:\/\/linitiative.ca\/International\/wp-json\/wp\/v2\/comments?post=69096"}],"version-history":[{"count":0,"href":"https:\/\/linitiative.ca\/International\/wp-json\/wp\/v2\/posts\/69096\/revisions"}],"wp:attachment":[{"href":"https:\/\/linitiative.ca\/International\/wp-json\/wp\/v2\/media?parent=69096"}],"wp:term":[{"taxonomy":"category","embeddable":true,"href":"https:\/\/linitiative.ca\/International\/wp-json\/wp\/v2\/categories?post=69096"},{"taxonomy":"post_tag","embeddable":true,"href":"https:\/\/linitiative.ca\/International\/wp-json\/wp\/v2\/tags?post=69096"}],"curies":[{"name":"wp","href":"https:\/\/api.w.org\/{rel}","templated":true}]}}