{"id":69097,"date":"2019-12-01T16:50:02","date_gmt":"2019-12-01T21:50:02","guid":{"rendered":"https:\/\/linitiative.ca\/International\/ursula-von-der-leyen-une-proche-de-merkel-adoubee-par-macron\/"},"modified":"2019-12-01T16:50:02","modified_gmt":"2019-12-01T21:50:02","slug":"ursula-von-der-leyen-une-proche-de-merkel-adoubee-par-macron","status":"publish","type":"post","link":"https:\/\/linitiative.ca\/International\/ursula-von-der-leyen-une-proche-de-merkel-adoubee-par-macron\/","title":{"rendered":"Ursula Von der Leyen, une proche de Merkel adoub\u00e9e par Macron"},"content":{"rendered":"<div readability=\"32\">\n<p>Publi\u00e9 le 01.12.2019 \u00e0 22h50 par AFP<\/p>\n<\/div>\n<div readability=\"138\">\n<p>Proche d\u2019Angela Merkel, Ursula von der Leyen prend dimanche la pr\u00e9sidence de la Commission, forte d\u2019une image d\u2019Europ\u00e9enne convaincue mais d\u00e9j\u00e0 \u00e9prouv\u00e9e par une proc\u00e9dure de confirmation difficile, elle va devoir convaincre.<\/p>\n<p>Elle a \u00e9t\u00e9 le joker du couple franco-allemand quand toutes les autres options ont \u00e9chou\u00e9 dans les jours qui ont suivi les \u00e9lections europ\u00e9ennes de mai.<\/p>\n<p>Son accueil au sein des institutions europ\u00e9ennes a \u00e9t\u00e9 plus que frileux. Le Parlement europ\u00e9en ne lui a donn\u00e9 sa confiance qu\u2019\u00e0 une courte majorit\u00e9 de neuf voix.<\/p>\n<p>Puis trois de ses commissaires candidats ont \u00e9t\u00e9 retoqu\u00e9s par les eurod\u00e9put\u00e9s, un record, bousculant la proc\u00e9dure de confirmation et l\u2019emp\u00eachant de prendre ses fonctions d\u00e9but novembre, comme pr\u00e9vu.<\/p>\n<p>Ursula von der Leyen a finalement retrouv\u00e9 le sourire mercredi, obtenant une large majorit\u00e9 pour son nouveau coll\u00e8ge de commissaires, avant de prendre enfin les r\u00eanes de la Commission dimanche.<\/p>\n<p>Soutenue par le pr\u00e9sident fran\u00e7ais Emmanuel Macron, cette francophile est appr\u00e9ci\u00e9e par Paris, notamment en raison d\u2019une bonne coop\u00e9ration sur les questions de d\u00e9fense franco-allemande.<\/p>\n<p>A la t\u00eate de l\u2019arm\u00e9e allemande pendant pr\u00e8s de six ans, cette femme \u00e9nergique de 61 ans fut un temps consid\u00e9r\u00e9e comme la dauphine toute d\u00e9sign\u00e9e de la chanceli\u00e8re Angela Merkel, qui l\u2019a nomm\u00e9e ministre dans chacun de ses quatre gouvernements (2005-2019).<\/p>\n<p>Une s\u00e9rie de scandales ont cependant \u00e9clabouss\u00e9 la Bundeswehr et son minist\u00e8re pendant son mandat. Si bien que dans un sondage du quotidien Bild au printemps, les Allemands avaient fini par la consid\u00e9rer comme l\u2019une des deux ministres les moins comp\u00e9tents du gouvernement.<\/p>\n<p>\u2013 Carri\u00e8re spectaculaire \u2013<\/p>\n<p>Malgr\u00e9 cette image \u00e9corn\u00e9e, Ursula von der Leyen est arriv\u00e9e \u00e0 Bruxelles, la ville qui l\u2019a vue na\u00eetre et grandir jusqu\u2019au d\u00e9but de l\u2019adolescence, avec un atout important: la confiance de Paris et Berlin, \u00e0 l\u2019heure o\u00f9 M. Macron et Mme Merkel semblaient ne pouvoir s\u2019entendre sur rien.<\/p>\n<p>Outre l\u2019allemand, la responsable politique parle couramment le fran\u00e7ais et l\u2019anglais. Elle a perfectionn\u00e9 cette derni\u00e8re langue en Californie, o\u00f9 son mari a enseign\u00e9 pendant plusieurs ann\u00e9es dans la prestigieuse universit\u00e9 de Stanford.<\/p>\n<p>La carri\u00e8re politique de \u00ab\u00a0R\u00f6schen\u00a0\u00bb (petite rose), son surnom en famille, est spectaculaire, m\u00eame pour la fille d\u2019un baron de la politique r\u00e9gionale allemande, Ernst Albrecht.<\/p>\n<p>Ce n\u2019est en effet qu\u2019en 2002, apr\u00e8s les Etats-Unis, qu\u2019elle se lance pour un mandat local dans la r\u00e9gion de Hanovre. Trois ans plus tard elle \u00e9tait ministre du Travail.<\/p>\n<p>Femme \u00e9nergique et tenace \u2013certains la diront cassante\u2013, ce caract\u00e8re a eu du mal \u00e0 passer dans le monde tr\u00e8s masculin de l\u2019arm\u00e9e.<\/p>\n<p>Elle s\u2019est aussi mise \u00e0 dos une partie de la hi\u00e9rarchie militaire pour avoir d\u00e9nonc\u00e9 des \u00ab\u00a0faiblesses\u00a0\u00bb et un \u00ab\u00a0esprit de corps mal plac\u00e9\u00a0\u00bb, apr\u00e8s l\u2019arrestation en 2017 d\u2019un officier soup\u00e7onn\u00e9 de pr\u00e9parer un attentat contre des \u00e9trangers.<\/p>\n<p>La ministre a aussi \u00e9t\u00e9 soup\u00e7onn\u00e9e un temps en 2015 de plagiat de son doctorat, un sujet tr\u00e8s sensible en Allemagne qui a caus\u00e9 la chute de plusieurs responsables politiques.<\/p>\n<p>\u2013 M\u00e9decin m\u00e8re, ministre \u2013<\/p>\n<p>Elle a \u00e9t\u00e9 la premi\u00e8re femme \u00e0 occuper le poste prestigieux de ministre de la D\u00e9fense. A ce poste, elle a aussi multipli\u00e9 les visites aux forces allemandes en Afghanistan ou en Irak.<\/p>\n<p>M\u00e9decin de formation, elle est m\u00e8re de sept enfants. Dans un pays o\u00f9 il reste difficile pour une femme de concilier carri\u00e8re professionnelle et famille, elle fit r\u00e9guli\u00e8rement la Une des magazines avec sa prog\u00e9niture, au point d\u2019\u00eatre accus\u00e9e de l\u2019instrumentaliser.<\/p>\n<p>Au sein du parti chr\u00e9tien-d\u00e9mocrate (CDU), elle s\u2019est oppos\u00e9e \u00e0 son propre camp sur certains dossiers, r\u00e9clamant par exemple des quotas de femmes au sein de la direction des grandes entreprises.<\/p>\n<p>Dans un pays frapp\u00e9 de vieillissement avec une natalit\u00e9 en fort d\u00e9clin, Ursula von der Leyen reste aussi la \u00ab\u00a0m\u00e8re\u00a0\u00bb du salaire parental dont peuvent b\u00e9n\u00e9ficier les Allemands pendant les 14 mois suivant une naissance.<\/p>\n<\/div>\n<p>Auteur: AFP<br \/>\n<a href=\"https:\/\/www.journalducameroun.com\/ursula-von-der-leyen-une-proche-de-merkel-adoubee-par-macron-3\/\">Cliquez ici pour lire l&rsquo;article depuis sa source.<\/a><\/p>\n","protected":false},"excerpt":{"rendered":"<p>Publi\u00e9 le 01.12.2019 \u00e0 22h50 par AFP Proche d\u2019Angela Merkel, Ursula von der Leyen prend dimanche la pr\u00e9sidence de la Commission, forte d\u2019une image d\u2019Europ\u00e9enne convaincue mais d\u00e9j\u00e0 \u00e9prouv\u00e9e par une proc\u00e9dure de confirmation difficile, elle va devoir convaincre. Elle a \u00e9t\u00e9 le joker du couple franco-allemand quand toutes les autres options ont \u00e9chou\u00e9 dans [&hellip;]<\/p>\n","protected":false},"author":1965,"featured_media":0,"comment_status":"closed","ping_status":"closed","sticky":false,"template":"","format":"standard","meta":{"fifu_image_url":"","fifu_image_alt":"","footnotes":""},"categories":[73,82],"tags":[],"class_list":["post-69097","post","type-post","status-publish","format-standard","hentry","category-actualite","category-cameroun"],"_links":{"self":[{"href":"https:\/\/linitiative.ca\/International\/wp-json\/wp\/v2\/posts\/69097","targetHints":{"allow":["GET"]}}],"collection":[{"href":"https:\/\/linitiative.ca\/International\/wp-json\/wp\/v2\/posts"}],"about":[{"href":"https:\/\/linitiative.ca\/International\/wp-json\/wp\/v2\/types\/post"}],"author":[{"embeddable":true,"href":"https:\/\/linitiative.ca\/International\/wp-json\/wp\/v2\/users\/1965"}],"replies":[{"embeddable":true,"href":"https:\/\/linitiative.ca\/International\/wp-json\/wp\/v2\/comments?post=69097"}],"version-history":[{"count":0,"href":"https:\/\/linitiative.ca\/International\/wp-json\/wp\/v2\/posts\/69097\/revisions"}],"wp:attachment":[{"href":"https:\/\/linitiative.ca\/International\/wp-json\/wp\/v2\/media?parent=69097"}],"wp:term":[{"taxonomy":"category","embeddable":true,"href":"https:\/\/linitiative.ca\/International\/wp-json\/wp\/v2\/categories?post=69097"},{"taxonomy":"post_tag","embeddable":true,"href":"https:\/\/linitiative.ca\/International\/wp-json\/wp\/v2\/tags?post=69097"}],"curies":[{"name":"wp","href":"https:\/\/api.w.org\/{rel}","templated":true}]}}