{"id":69098,"date":"2019-12-01T16:50:06","date_gmt":"2019-12-01T21:50:06","guid":{"rendered":"https:\/\/linitiative.ca\/International\/burkina-14-morts-dont-des-enfants-lors-de-lattaque-dune-eglise-protestante\/"},"modified":"2019-12-01T16:50:06","modified_gmt":"2019-12-01T21:50:06","slug":"burkina-14-morts-dont-des-enfants-lors-de-lattaque-dune-eglise-protestante","status":"publish","type":"post","link":"https:\/\/linitiative.ca\/International\/burkina-14-morts-dont-des-enfants-lors-de-lattaque-dune-eglise-protestante\/","title":{"rendered":"Burkina: 14 morts, dont des enfants, lors de l\u2019attaque d\u2019une \u00e9glise protestante"},"content":{"rendered":"<div readability=\"32\">\n<p>Publi\u00e9 le 01.12.2019 \u00e0 22h50 par AFP<\/p>\n<\/div>\n<div readability=\"160\">\n<p>Quatorze fid\u00e8les, dont \u00ab\u00a0des enfants\u00a0\u00bb, ont \u00e9t\u00e9 tu\u00e9s dimanche pendant un service religieux lors de l\u2019attaque d\u2019une \u00e9glise protestante \u00e0 Hantoukoura, dans l\u2019est du Burkina Faso, o\u00f9 les actions men\u00e9es par des groupes arm\u00e9s jihadistes contre les lieux de cultes se multiplient.<\/p>\n<p>\u00ab\u00a0Une \u00e9glise protestante de Hantoukoura, dans le d\u00e9partement de Foutouri, frontali\u00e8re du Niger, province de la Komondjarie a \u00e9t\u00e9 victime d\u2019une attaque meurtri\u00e8re perp\u00e9tr\u00e9e par des hommes arm\u00e9s non identifi\u00e9s\u00a0\u00bb, a annonc\u00e9 le gouvernorat de la r\u00e9gion de Fada N\u2019Gourma dans un communiqu\u00e9. \u00ab\u00a0Cette attaque a malheureusement occasionn\u00e9 14 morts et de nombreux bless\u00e9s\u00a0\u00bb.<\/p>\n<p>Cette attaque \u00ab\u00a0signal\u00e9e aux environs de 12H00\u00a0\u00bb a \u00e9t\u00e9 perp\u00e9tr\u00e9e par une \u00ab\u00a0dizaine d\u2019individus lourdement arm\u00e9s\u00a0\u00bb, qui \u00ab\u00a0ont ex\u00e9cut\u00e9 froidement les fid\u00e8les, dont le pasteur de l\u2019\u00e9glise et des enfants\u00a0\u00bb, selon une source s\u00e9curitaire.<\/p>\n<p>Une autre source s\u00e9curitaire a parl\u00e9 \u00e9galement d\u2019un bilan de \u00ab\u00a014 morts, tous de sexe masculin\u00a0\u00bb. Une \u00ab\u00a0op\u00e9ration de ratissage\u00a0\u00bb a \u00e9t\u00e9 lanc\u00e9e par le groupement militaire de Foutouri pour retrouver les \u00ab\u00a0traces des assaillants\u00a0\u00bb qui se sont \u00ab\u00a0enfuis \u00e0 bord de motocyclettes\u00a0\u00bb, selon cette source.<\/p>\n<p>Dans son communiqu\u00e9, le gouvernorat pr\u00e9cise que \u00ab\u00a0les forces de d\u00e9fense et de s\u00e9curit\u00e9\u00a0\u00bb se sont d\u00e9ploy\u00e9es \u00ab\u00a0pour porter secours aux personne bless\u00e9es\u00a0\u00bb.<\/p>\n<p>Le gouvernement \u00ab\u00a0pr\u00e9sente ses condol\u00e9ance attrist\u00e9es aux familles \u00e9plor\u00e9es et \u00e0 la communaut\u00e9 religieuse protestante\u00a0\u00bb.<\/p>\n<p>Les attaques, attribu\u00e9es \u00e0 des groupes jihadistes, contre des \u00e9glises ou des religieux chr\u00e9tiens se sont multipli\u00e9es r\u00e9cemment au Burkina Faso, pays sah\u00e9lien pauvre d\u2019Afrique de l\u2019Ouest.<\/p>\n<p>\u2013 Attaque \u00e0 la fronti\u00e8re ivoirienne \u2013<\/p>\n<p>Le 26 mai, quatre fid\u00e8les avaient \u00e9t\u00e9 tu\u00e9s lors d\u2019une attaque contre une \u00e9glise catholique \u00e0 Toulf\u00e9, localit\u00e9 du nord du pays.<\/p>\n<p>Le 13 mai, quatre catholiques avaient \u00e9t\u00e9 tu\u00e9s lors d\u2019une procession religieuse en honneur de la Vierge Marie \u00e0 Zimtenga, toujours dans le nord.<\/p>\n<p>La veille, six personnes dont un pr\u00eatre, avaient \u00e9t\u00e9 tu\u00e9s lors d\u2019une attaque pendant la messe dans une \u00e9glise catholique \u00e0 Dablo, une commune de la province du Sanmatenga, dans le nord du pays.<\/p>\n<p>Le 29 avril, six personnes avaient \u00e9t\u00e9 tu\u00e9es lors de l\u2019attaque de l\u2019\u00e9glise protestante de Silgadji, dans le nord.<\/p>\n<p>\u00c0 la mi-mars, l\u2019abb\u00e9 Jo\u00ebl Yougbar\u00e9, cur\u00e9 de Djibo (nord) avait \u00e9t\u00e9 enlev\u00e9 par des individus arm\u00e9s. Le 15 f\u00e9vrier, le p\u00e8re C\u00e9sar Fernandez, missionnaire sal\u00e9sien d\u2019origine espagnole, avait \u00e9t\u00e9 tu\u00e9 dans le centre du Burkina.<\/p>\n<p>Plusieurs imams ont \u00e9galement \u00e9t\u00e9 assassin\u00e9s par les jihadistes dans le nord du Burkina depuis le d\u00e9but des attaques il y a quatre ans.<\/p>\n<p>Par ailleurs, \u00e0 l\u2019autre bout du pays, dans l\u2019ouest, \u00e0 la fronti\u00e8re ivoirienne, \u00ab\u00a0des individus arm\u00e9s ont attaqu\u00e9 le poste frontalier de Yend\u00e9r\u00e9\u00a0\u00bb samedi soir vers 22H00, faisant \u00ab\u00a0deux bless\u00e9s parmi les passagers d\u2019un car de transport en commun\u00a0\u00bb, a indiqu\u00e9 \u00e0 l\u2019AFP une source s\u00e9curitaire.<\/p>\n<p>\u00ab\u00a0Les assaillants, environ une vingtaine lourdement arm\u00e9s, ont incendi\u00e9 un v\u00e9hicule et emport\u00e9 plusieurs motocyclettes\u00a0\u00bb, a pr\u00e9cis\u00e9 une source polici\u00e8re. Un ratissage a \u00e9t\u00e9 men\u00e9 apr\u00e8s cette attaque et les assaillants se sont \u00ab\u00a0dispers\u00e9s dans la for\u00eat\u00a0\u00bb.<\/p>\n<p>Yend\u00e9r\u00e9, situ\u00e9e \u00e0 une vingtaine de km de Niangoloko, le poste fronti\u00e8re principal entre le Burkina et la C\u00f4te d\u2019Ivoire, a d\u00e9j\u00e0 \u00e9t\u00e9 la cible de deux attaques, dont une avait fait trois morts en avril.<\/p>\n<p>Au total, les attaques attribu\u00e9es \u00e0 une douzaine de groupes jihadistes, dont Ansarul Islam, le Groupe de soutien \u00e0 l\u2019islam et aux musulmans (GSIM) et l\u2019organisation Etat islamique au grand Sahara (EIGS), ont fait pr\u00e8s de 700 morts depuis d\u00e9but 2015, selon un comptage de l\u2019AFP, et environ 500.000 d\u00e9plac\u00e9s internes et r\u00e9fugi\u00e9s, selon l\u2019ONU.<\/p>\n<p>Sous-\u00e9quip\u00e9es et mal entra\u00een\u00e9es, l\u2019arm\u00e9e, la police et la gendarmerie de ce pays pauvre d\u2019Afrique de l\u2019Ouest sont incapables d\u2019enrayer les attaques djihadistes, qui se sont intensifi\u00e9es en 2019 jusqu\u2019\u00e0 devenir quasi quotidiennes.<\/p>\n<p>En novembre, les forces de d\u00e9fense et de s\u00e9curit\u00e9 ont annonc\u00e9 avoir tu\u00e9 56 jihadistes lors de plusieurs op\u00e9rations.<\/p>\n<\/div>\n<p>Auteur: AFP<br \/>\n<a href=\"https:\/\/www.journalducameroun.com\/burkina-14-morts-dont-des-enfants-lors-de-lattaque-dune-eglise-protestante\/\">Cliquez ici pour lire l&rsquo;article depuis sa source.<\/a><\/p>\n","protected":false},"excerpt":{"rendered":"<p>Publi\u00e9 le 01.12.2019 \u00e0 22h50 par AFP Quatorze fid\u00e8les, dont \u00ab\u00a0des enfants\u00a0\u00bb, ont \u00e9t\u00e9 tu\u00e9s dimanche pendant un service religieux lors de l\u2019attaque d\u2019une \u00e9glise protestante \u00e0 Hantoukoura, dans l\u2019est du Burkina Faso, o\u00f9 les actions men\u00e9es par des groupes arm\u00e9s jihadistes contre les lieux de cultes se multiplient. \u00ab\u00a0Une \u00e9glise protestante de Hantoukoura, dans [&hellip;]<\/p>\n","protected":false},"author":1965,"featured_media":0,"comment_status":"closed","ping_status":"closed","sticky":false,"template":"","format":"standard","meta":{"fifu_image_url":"","fifu_image_alt":"","footnotes":""},"categories":[73,82],"tags":[],"class_list":["post-69098","post","type-post","status-publish","format-standard","hentry","category-actualite","category-cameroun"],"_links":{"self":[{"href":"https:\/\/linitiative.ca\/International\/wp-json\/wp\/v2\/posts\/69098","targetHints":{"allow":["GET"]}}],"collection":[{"href":"https:\/\/linitiative.ca\/International\/wp-json\/wp\/v2\/posts"}],"about":[{"href":"https:\/\/linitiative.ca\/International\/wp-json\/wp\/v2\/types\/post"}],"author":[{"embeddable":true,"href":"https:\/\/linitiative.ca\/International\/wp-json\/wp\/v2\/users\/1965"}],"replies":[{"embeddable":true,"href":"https:\/\/linitiative.ca\/International\/wp-json\/wp\/v2\/comments?post=69098"}],"version-history":[{"count":0,"href":"https:\/\/linitiative.ca\/International\/wp-json\/wp\/v2\/posts\/69098\/revisions"}],"wp:attachment":[{"href":"https:\/\/linitiative.ca\/International\/wp-json\/wp\/v2\/media?parent=69098"}],"wp:term":[{"taxonomy":"category","embeddable":true,"href":"https:\/\/linitiative.ca\/International\/wp-json\/wp\/v2\/categories?post=69098"},{"taxonomy":"post_tag","embeddable":true,"href":"https:\/\/linitiative.ca\/International\/wp-json\/wp\/v2\/tags?post=69098"}],"curies":[{"name":"wp","href":"https:\/\/api.w.org\/{rel}","templated":true}]}}