{"id":69100,"date":"2019-12-02T08:54:24","date_gmt":"2019-12-02T13:54:24","guid":{"rendered":"https:\/\/linitiative.ca\/International\/fifm-forte-pensee-pour-amina-rachid-et-son-mari\/"},"modified":"2019-12-02T08:54:24","modified_gmt":"2019-12-02T13:54:24","slug":"fifm-forte-pensee-pour-amina-rachid-et-son-mari","status":"publish","type":"post","link":"https:\/\/linitiative.ca\/International\/fifm-forte-pensee-pour-amina-rachid-et-son-mari\/","title":{"rendered":"FIFM : Forte pens\u00e9e pour Amina Rachid et son mari"},"content":{"rendered":"<header readability=\"1.34645669291\">\n<div class=\"entry-post-meta\" readability=\"6.8\">\n<div class=\"author-link\">Publi\u00e9 par <a itemprop=\"author\" itemscope=\"\" itemtype=\"https:\/\/schema.org\/Person\" href=\"http:\/\/aujourdhui.ma\/author\/kaid\" rel=\"author\"><span itemprop=\"name\">ALM<\/span><\/a><\/div>\n<p>Date\u00a0:<time content=\"2019-12-02T14:54:24+00:00\" class=\"entry-date updated\" datetime=\"2019-12-02T14:54:24+00:00\">d\u00e9cembre 02, 2019<\/time><\/p>\n<div class=\"entry-cat\">dans:<a href=\"http:\/\/aujourdhui.ma\/category\/culture\/cinema\" rel=\"category tag\">Cinema<\/a><\/div>\n<p>0 Vues<\/p>\n<\/div>\n<\/header>\n<div class=\"entry-content clearfix\" readability=\"42\"><img decoding=\"async\" class=\"post_layout_5_img\" src=\"http:\/\/aujourdhui.ma\/wp-content\/uploads\/2019\/12\/Amina-rachid-et-son-marie.jpg?x29840\" alt=\"FIFM : Forte pens\u00e9e pour Amina Rachid et son mari\"\/><\/p>\n<p class=\"p1\"><span class=\"s1\"><span class=\"c4\"><strong>Ayant \u00e9t\u00e9 fid\u00e8les, de leur vivant, \u00e0 toutes les \u00e9ditions du festival, Feus Amina Rachid et son mari ont eu droit \u00e0 deux si\u00e8ges portant leurs noms.<\/strong><\/span><\/span><span id=\"more-325257\"\/><\/p>\n<p class=\"p1\"><span class=\"s1\">Les initiateurs de ce grand \u00e9v\u00e9nement cin\u00e9matographique ont eu la belle id\u00e9e de r\u00e9server ces places au couple d\u00e9funt qui s\u2019installait chaque ann\u00e9e dans le m\u00eame endroit \u00e0 son arriv\u00e9e au palais des congr\u00e8s apr\u00e8s avoir foul\u00e9 le tapis rouge du festival en toute \u00e9l\u00e9gance. D\u00e9sormais, ces si\u00e8ges porteront \u00e0 tout jamais les noms du couple.<\/span><\/p>\n<\/div>\n<p>Auteur: ALM<br \/>\n<a href=\"http:\/\/aujourdhui.ma\/culture\/cinema\/fifm-forte-pensee-pour-amina-rachid-et-son-mari\">Cliquez ici pour lire l&rsquo;article depuis sa source.<\/a><\/p>\n","protected":false},"excerpt":{"rendered":"<p>Publi\u00e9 par ALM Date\u00a0:d\u00e9cembre 02, 2019 dans:Cinema 0 Vues Ayant \u00e9t\u00e9 fid\u00e8les, de leur vivant, \u00e0 toutes les \u00e9ditions du festival, Feus Amina Rachid et son mari ont eu droit \u00e0 deux si\u00e8ges portant leurs noms. Les initiateurs de ce grand \u00e9v\u00e9nement cin\u00e9matographique ont eu la belle id\u00e9e de r\u00e9server ces places au couple d\u00e9funt [&hellip;]<\/p>\n","protected":false},"author":1759,"featured_media":0,"comment_status":"closed","ping_status":"closed","sticky":false,"template":"","format":"standard","meta":{"fifu_image_url":"","fifu_image_alt":"","footnotes":""},"categories":[73,54],"tags":[],"class_list":["post-69100","post","type-post","status-publish","format-standard","hentry","category-actualite","category-maroc"],"_links":{"self":[{"href":"https:\/\/linitiative.ca\/International\/wp-json\/wp\/v2\/posts\/69100","targetHints":{"allow":["GET"]}}],"collection":[{"href":"https:\/\/linitiative.ca\/International\/wp-json\/wp\/v2\/posts"}],"about":[{"href":"https:\/\/linitiative.ca\/International\/wp-json\/wp\/v2\/types\/post"}],"author":[{"embeddable":true,"href":"https:\/\/linitiative.ca\/International\/wp-json\/wp\/v2\/users\/1759"}],"replies":[{"embeddable":true,"href":"https:\/\/linitiative.ca\/International\/wp-json\/wp\/v2\/comments?post=69100"}],"version-history":[{"count":0,"href":"https:\/\/linitiative.ca\/International\/wp-json\/wp\/v2\/posts\/69100\/revisions"}],"wp:attachment":[{"href":"https:\/\/linitiative.ca\/International\/wp-json\/wp\/v2\/media?parent=69100"}],"wp:term":[{"taxonomy":"category","embeddable":true,"href":"https:\/\/linitiative.ca\/International\/wp-json\/wp\/v2\/categories?post=69100"},{"taxonomy":"post_tag","embeddable":true,"href":"https:\/\/linitiative.ca\/International\/wp-json\/wp\/v2\/tags?post=69100"}],"curies":[{"name":"wp","href":"https:\/\/api.w.org\/{rel}","templated":true}]}}