{"id":69101,"date":"2019-12-02T08:54:48","date_gmt":"2019-12-02T13:54:48","guid":{"rendered":"https:\/\/linitiative.ca\/International\/fifm-hend-sabry-pose-pour-des-photos-avec-des-responsables-du-festival\/"},"modified":"2019-12-02T08:54:48","modified_gmt":"2019-12-02T13:54:48","slug":"fifm-hend-sabry-pose-pour-des-photos-avec-des-responsables-du-festival","status":"publish","type":"post","link":"https:\/\/linitiative.ca\/International\/fifm-hend-sabry-pose-pour-des-photos-avec-des-responsables-du-festival\/","title":{"rendered":"FIFM : Hend Sabry pose pour des photos avec des responsables du festival"},"content":{"rendered":"<header readability=\"1.36912751678\">\n<div class=\"entry-post-meta\" readability=\"6.8\">\n<div class=\"author-link\">Publi\u00e9 par <a itemprop=\"author\" itemscope=\"\" itemtype=\"https:\/\/schema.org\/Person\" href=\"http:\/\/aujourdhui.ma\/author\/kaid\" rel=\"author\"><span itemprop=\"name\">ALM<\/span><\/a><\/div>\n<p>Date\u00a0:<time content=\"2019-12-02T14:54:48+00:00\" class=\"entry-date updated\" datetime=\"2019-12-02T14:54:48+00:00\">d\u00e9cembre 02, 2019<\/time><\/p>\n<div class=\"entry-cat\">dans:<a href=\"http:\/\/aujourdhui.ma\/category\/culture\/cinema\" rel=\"category tag\">Cinema<\/a><\/div>\n<p>0 Vues<\/p>\n<\/div>\n<\/header>\n<div class=\"entry-content clearfix\" readability=\"44\"><img decoding=\"async\" class=\"post_layout_5_img\" src=\"http:\/\/aujourdhui.ma\/wp-content\/uploads\/2019\/12\/Hind-Sabri-Et-Fai%CC%88c%CC%A7al-Laraichi-et-Sarim-Fassi-Fihri.jpg?x29840\" alt=\"FIFM : Hend Sabry pose pour des photos avec des responsables du festival\"\/><\/p>\n<p class=\"p1\"><span class=\"s1\"><span class=\"c4\"><strong>A son arriv\u00e9e au tapis rouge, l\u2019actrice tunisienne Hend Sabry a pos\u00e9, samedi soir au Palais des congr\u00e8s pour des photos.<\/strong><\/span><\/span> <span id=\"more-325232\"\/><\/p>\n<p class=\"p1\"><span class=\"s1\">Apr\u00e8s quoi, la star \u00e9gyptienne Ilham Chahine a pos\u00e9 \u00e0 ses c\u00f4t\u00e9s pour des photos avant que des responsables du festival la rejoignent pour laisser libre cours aux flashs des photographes. Il s\u2019agit de M\u00e9lita Toscan Du Plantier, conseill\u00e8re du pr\u00e9sident de la Fondation du Festival SAR le Prince Moulay Rachid, et aux deux vice-pr\u00e9sidents de la Fondation du FIFM, Fa\u00ef\u00e7al Laraichi et Sarim Fassi Fihri.\u00a0<\/span><\/p>\n<\/div>\n<p>Auteur: ALM<br \/>\n<a href=\"http:\/\/aujourdhui.ma\/culture\/cinema\/fifm-hend-sabry-pose-pour-des-photos-avec-des-responsables-du-festival\">Cliquez ici pour lire l&rsquo;article depuis sa source.<\/a><\/p>\n","protected":false},"excerpt":{"rendered":"<p>Publi\u00e9 par ALM Date\u00a0:d\u00e9cembre 02, 2019 dans:Cinema 0 Vues A son arriv\u00e9e au tapis rouge, l\u2019actrice tunisienne Hend Sabry a pos\u00e9, samedi soir au Palais des congr\u00e8s pour des photos. Apr\u00e8s quoi, la star \u00e9gyptienne Ilham Chahine a pos\u00e9 \u00e0 ses c\u00f4t\u00e9s pour des photos avant que des responsables du festival la rejoignent pour laisser [&hellip;]<\/p>\n","protected":false},"author":1759,"featured_media":0,"comment_status":"closed","ping_status":"closed","sticky":false,"template":"","format":"standard","meta":{"fifu_image_url":"","fifu_image_alt":"","footnotes":""},"categories":[73,54],"tags":[],"class_list":["post-69101","post","type-post","status-publish","format-standard","hentry","category-actualite","category-maroc"],"_links":{"self":[{"href":"https:\/\/linitiative.ca\/International\/wp-json\/wp\/v2\/posts\/69101","targetHints":{"allow":["GET"]}}],"collection":[{"href":"https:\/\/linitiative.ca\/International\/wp-json\/wp\/v2\/posts"}],"about":[{"href":"https:\/\/linitiative.ca\/International\/wp-json\/wp\/v2\/types\/post"}],"author":[{"embeddable":true,"href":"https:\/\/linitiative.ca\/International\/wp-json\/wp\/v2\/users\/1759"}],"replies":[{"embeddable":true,"href":"https:\/\/linitiative.ca\/International\/wp-json\/wp\/v2\/comments?post=69101"}],"version-history":[{"count":0,"href":"https:\/\/linitiative.ca\/International\/wp-json\/wp\/v2\/posts\/69101\/revisions"}],"wp:attachment":[{"href":"https:\/\/linitiative.ca\/International\/wp-json\/wp\/v2\/media?parent=69101"}],"wp:term":[{"taxonomy":"category","embeddable":true,"href":"https:\/\/linitiative.ca\/International\/wp-json\/wp\/v2\/categories?post=69101"},{"taxonomy":"post_tag","embeddable":true,"href":"https:\/\/linitiative.ca\/International\/wp-json\/wp\/v2\/tags?post=69101"}],"curies":[{"name":"wp","href":"https:\/\/api.w.org\/{rel}","templated":true}]}}