{"id":69102,"date":"2019-12-02T08:59:26","date_gmt":"2019-12-02T13:59:26","guid":{"rendered":"https:\/\/linitiative.ca\/International\/exposition-conviviale-omar-barrada-suit-son-intuition-par-le-pinceau\/"},"modified":"2019-12-02T08:59:26","modified_gmt":"2019-12-02T13:59:26","slug":"exposition-conviviale-omar-barrada-suit-son-intuition-par-le-pinceau","status":"publish","type":"post","link":"https:\/\/linitiative.ca\/International\/exposition-conviviale-omar-barrada-suit-son-intuition-par-le-pinceau\/","title":{"rendered":"Exposition conviviale : Omar Barrada suit son \u00abIntuition\u00bb par le pinceau"},"content":{"rendered":"<p><img decoding=\"async\" class=\"post_layout_5_img\" src=\"http:\/\/aujourdhui.ma\/wp-content\/uploads\/2019\/12\/Omar-Barrada-Expo.jpg?x29840\" alt=\"Exposition conviviale : Omar Barrada suit son \u00abIntuition\u00bb par le pinceau\"\/><\/p>\n<p class=\"p1\"><span class=\"s1 c4\"><strong>Cette collection r\u00e9unit une s\u00e9rie d\u2019\u0153uvres retra\u00e7ant l\u2019interaction entre l\u2019\u00e9nergie cr\u00e9ative de l\u2019artiste et la mati\u00e8re. Pour ce faire, il y explore et puise au fond de lui-m\u00eame, afin de raconter une histoire, celle des origines de la vie, celle des \u00eatres vivants dans toutes leurs formes.<\/strong><\/span><span id=\"more-325291\"\/><\/p>\n<p class=\"p2\"><span class=\"s1\">L\u2019artiste-peintre marocain<span class=\"Apple-converted-space\">\u00a0<\/span> Omar Barrada vient de d\u00e9voiler ses nouvelles \u0153uvres intitul\u00e9es \u00abIntuition\u00bb lors d\u2019une exposition conviviale jeudi dernier \u00e0 Casablanca. Une collection dont les couleurs cr\u00e9ent diff\u00e9rents aspects. <em>\u00abUne toile a autant de formes et de significations que de regards qui la contemplent, et elle vit \u00e0 travers ces derniers\u00bb,<\/em> pr\u00e9cise l\u2019artiste.<\/span><\/p>\n<p class=\"p2\"><span class=\"s1\">Quant \u00e0 sa d\u00e9marche artistique, elle n\u2019est destin\u00e9e ni \u00e0 influencer ni \u00e0 orienter. <em>\u00abLorsque je cr\u00e9e, je pars d\u2019une id\u00e9e, d\u2019une intuition, et je les suis en m\u2019inspirant de la nature et de ses lois. Le tout en laissant libre cours \u00e0 la mati\u00e8re que je travaille, que je fa\u00e7onne, mais qui impose aussi ses conditions\u00bb<\/em>, d\u00e9taille-t-il.<\/span><\/p>\n<p class=\"p2\"><span class=\"s1\">Pour travailler sur cette collection, qui m\u00eale la peinture et la sculpture, le cr\u00e9ateur a eu recours \u00e0 diff\u00e9rentes substances dont l\u2019aluminium, le verre, les peintures et les r\u00e9sines. <em>\u00abJ\u2019ai donn\u00e9 libre cours \u00e0 toute la cr\u00e9ativit\u00e9 que j\u2019ai sentie en moi, o\u00f9 j\u2019ai explor\u00e9 diff\u00e9rentes pistes et o\u00f9 j\u2019ai soigneusement \u00e9vit\u00e9 de me r\u00e9p\u00e9ter, poussant le travail cr\u00e9atif \u00e0 son paroxysme\u00bb,<\/em> commente Omar Barrada. En fait, le m\u00e9lange de couleurs dans ses \u0153uvres rappelle celui que l\u2019on per\u00e7oit sur des verres dans la vie courante de par certains ph\u00e9nom\u00e8nes que l\u2019on per\u00e7oit sur des verres dans la vie courante de par certains ph\u00e9nom\u00e8nes que l\u2019artiste tente, selon ses dires, de \u00ab\u00a0figer\u00a0!\u00a0\u00bb. Le cr\u00e9ateur ne manque pas, par l\u2019occasion, de s\u2019exprimer sur son inspiration qui r\u00e9side autant dans sa personnalit\u00e9 d\u2019artiste que dans sa contemplation de la nature, au sens de la cr\u00e9ation, et des lois qui r\u00e9gissent les ph\u00e9nom\u00e8nes naturels. \u00ab<em>Je ressens des \u00e9motions fortes et de l\u2019apaisement devant les interactions des diff\u00e9rents types de mati\u00e8res entre elles, l\u2019\u00e9quilibre qui s\u2019y produit et la perfection qui en r\u00e9sulte. J\u2019ai humblement choisi de figer cette interaction au moment o\u00f9 je ressentais cet \u00e9quilibre\u00bb,<\/em> encha\u00eene-t-il.<\/span><\/p>\n<p><a href=\"http:\/\/aujourdhui.ma\/wp-content\/uploads\/2019\/12\/Exposition-Omar-Barrada.jpg?x29840\"><img loading=\"lazy\" decoding=\"async\" class=\"size-full wp-image-325295 aligncenter\" src=\"http:\/\/aujourdhui.ma\/wp-content\/uploads\/2019\/12\/Exposition-Omar-Barrada.jpg?x29840\" alt=\"\" width=\"746\" height=\"248\" srcset=\"http:\/\/aujourdhui.ma\/wp-content\/uploads\/2019\/12\/Exposition-Omar-Barrada.jpg 746w, http:\/\/aujourdhui.ma\/wp-content\/uploads\/2019\/12\/Exposition-Omar-Barrada-300x100.jpg 300w\" sizes=\"auto, (max-width: 746px) 100vw, 746px\"\/><\/a><\/p>\n<p class=\"p2\"><span class=\"s1\">A propos de son style, Omar Barrada indique qu\u2019il pourrait se rapprocher de l\u2019abstrait. Selon ses dires, les formes et les id\u00e9es sont sugg\u00e9r\u00e9es sans vouloir s\u2019inscrire dans un courant d\u2019art ou dans un autre. <em>\u00abJe cr\u00e9e en donnant forme \u00e0 ce qui m\u2019anime, \u00e0 ce que je ressens dans mes tripes\u00bb,<\/em> ajoute-t-il. Dans ce sens, cette collection r\u00e9unit une s\u00e9rie d\u2019\u0153uvres retra\u00e7ant l\u2019interaction entre l\u2019\u00e9nergie cr\u00e9ative de l\u2019artiste et la mati\u00e8re. Pour ce faire, il y explore et puise au fond de lui-m\u00eame, afin de raconter une histoire, celle des origines de la vie, celle des \u00eatres vivants dans toutes leurs formes. Aussi, son intuition, voire son instinct lui permettent d\u2019effectuer \u00abce voyage\u00bb et de retranscrire ce qui d\u00e9finit l\u2019existant, sa structure intrins\u00e8que, des mouvements incessants, des flux, des expansions et des contractions\u00a0; l\u2019\u00e9nergie, la lumi\u00e8re, les couleurs et les formes\u00a0; l\u2019infini dans son immensit\u00e9 comme dans sa petitesse\u00a0; des \u00e9motions, etc.<\/span><\/p>\n<p class=\"p2\"><span class=\"s1\">Interrog\u00e9 \u00e9galement sur son parcours acad\u00e9mique, il dit avoir de multiples exp\u00e9riences dans les univers de la mode et du design. Cependant, il est autodidacte en art. <em>\u00abC\u2019est quelque chose qui a toujours \u00e9t\u00e9 naturellement omnipr\u00e9sent au fond de moi, et mon parcours artistique a \u00e9t\u00e9 de ce fait assez empirique\u00bb,<\/em> confie-t-il. L\u2019artiste pr\u00e9cise \u00e9galement que son int\u00e9r\u00eat en la mati\u00e8re influence ind\u00e9niablement son travail. Par contre, sa fibre artistique assez prononc\u00e9e a d\u00fb rester en marge, ne s\u2019exprimant que lors de certaines occasions mineures. Ayant suivi un parcours acad\u00e9mique classique qui a abouti en \u00e9cole de commerce, ses premi\u00e8res exp\u00e9riences professionnelles ne l\u2019ont jamais r\u00e9ellement combl\u00e9 comme il le raconte. Par contre, l\u2019artiste dit \u00eatre un passionn\u00e9 des sciences, entre autres disciplines qui suscitent sa curiosit\u00e9. Un premier virage a \u00e9t\u00e9 pris au cours de multiples collaborations professionnelles avec diff\u00e9rents artistes et des designers dans des domaines vari\u00e9s, notamment dans une entreprise de maroquinerie orient\u00e9e vers l\u2019export pour le compte de grands noms de la mode, mais aussi dans la joaillerie et la d\u00e9coration. <em>\u00abY ayant beaucoup appris, j\u2019ai aussi renou\u00e9 avec ma fibre artistique. Je sentais cependant que j\u2019avais besoin d\u2019exprimer plus librement ma cr\u00e9ativit\u00e9. La maturit\u00e9 aidant, j\u2019ai cess\u00e9 de r\u00e9fr\u00e9ner cet appel et j\u2019ai enfin os\u00e9 revenir vers mon identit\u00e9 profonde et exprimer ma vocation, aussi loin que cette d\u00e9cision puisse \u00eatre de la raison, et aussi proche soit-elle de l\u2019intuition\u00bb<\/em>, r\u00e9v\u00e8le-t-il. D\u00e8s lors, il a entrepris de travailler sur cette premi\u00e8re collection, qui est un miroir de ce qui le fait intrins\u00e8quement vibrer. <em>\u00abA l\u2019aube de ma quarantaine, je suis fier de pr\u00e9senter\u00bb Intuition, \u00abma premi\u00e8re collection\u00bb,<\/em> conclut-il.<\/span><\/p>\n<p>Auteur: Salima Guisser<br \/>\n<a href=\"http:\/\/aujourdhui.ma\/culture\/exposition-conviviale-omar-barrada-suit-son-intuition-par-le-pinceau\">Cliquez ici pour lire l&rsquo;article depuis sa source.<\/a><\/p>\n","protected":false},"excerpt":{"rendered":"<p>Cette collection r\u00e9unit une s\u00e9rie d\u2019\u0153uvres retra\u00e7ant l\u2019interaction entre l\u2019\u00e9nergie cr\u00e9ative de l\u2019artiste et la mati\u00e8re. Pour ce faire, il y explore et puise au fond de lui-m\u00eame, afin de raconter une histoire, celle des origines de la vie, celle des \u00eatres vivants dans toutes leurs formes. L\u2019artiste-peintre marocain\u00a0 Omar Barrada vient de d\u00e9voiler ses [&hellip;]<\/p>\n","protected":false},"author":1759,"featured_media":0,"comment_status":"closed","ping_status":"closed","sticky":false,"template":"","format":"standard","meta":{"fifu_image_url":"","fifu_image_alt":"","footnotes":""},"categories":[73,54],"tags":[],"class_list":["post-69102","post","type-post","status-publish","format-standard","hentry","category-actualite","category-maroc"],"_links":{"self":[{"href":"https:\/\/linitiative.ca\/International\/wp-json\/wp\/v2\/posts\/69102","targetHints":{"allow":["GET"]}}],"collection":[{"href":"https:\/\/linitiative.ca\/International\/wp-json\/wp\/v2\/posts"}],"about":[{"href":"https:\/\/linitiative.ca\/International\/wp-json\/wp\/v2\/types\/post"}],"author":[{"embeddable":true,"href":"https:\/\/linitiative.ca\/International\/wp-json\/wp\/v2\/users\/1759"}],"replies":[{"embeddable":true,"href":"https:\/\/linitiative.ca\/International\/wp-json\/wp\/v2\/comments?post=69102"}],"version-history":[{"count":0,"href":"https:\/\/linitiative.ca\/International\/wp-json\/wp\/v2\/posts\/69102\/revisions"}],"wp:attachment":[{"href":"https:\/\/linitiative.ca\/International\/wp-json\/wp\/v2\/media?parent=69102"}],"wp:term":[{"taxonomy":"category","embeddable":true,"href":"https:\/\/linitiative.ca\/International\/wp-json\/wp\/v2\/categories?post=69102"},{"taxonomy":"post_tag","embeddable":true,"href":"https:\/\/linitiative.ca\/International\/wp-json\/wp\/v2\/tags?post=69102"}],"curies":[{"name":"wp","href":"https:\/\/api.w.org\/{rel}","templated":true}]}}