{"id":69103,"date":"2019-12-02T09:35:57","date_gmt":"2019-12-02T14:35:57","guid":{"rendered":"https:\/\/linitiative.ca\/International\/entrepreneuriat-maroc-pme-organise-la-semaine-de-lentreprise-a-dakhla\/"},"modified":"2019-12-02T09:35:57","modified_gmt":"2019-12-02T14:35:57","slug":"entrepreneuriat-maroc-pme-organise-la-semaine-de-lentreprise-a-dakhla","status":"publish","type":"post","link":"https:\/\/linitiative.ca\/International\/entrepreneuriat-maroc-pme-organise-la-semaine-de-lentreprise-a-dakhla\/","title":{"rendered":"Entrepreneuriat : Maroc PME organise la Semaine  de l\u2019entreprise \u00e0 Dakhla"},"content":{"rendered":"<p><img decoding=\"async\" class=\"post_layout_5_img\" src=\"http:\/\/aujourdhui.ma\/wp-content\/uploads\/2019\/12\/Maroc-PME-Semaine-de-lentreprise-a%CC%80-Dakhla.jpg?x29840\" alt=\"Entrepreneuriat : Maroc PME organise la Semaine de l\u2019entreprise \u00e0 Dakhla\"\/><\/p>\n<p class=\"p1\"><span class=\"c4\"><strong><span class=\"s1\"><em>Cette semaine a pour objectif d\u2019informer et de sensibiliser les chefs d\u2019entreprises, les porteurs de projets et les auto-entrepreneurs aux programmes d\u2019appui et d\u2019accompagnement, et \u00e0 inciter les jeunes dipl\u00f4m\u00e9s \u00e0 se lancer dans l\u2019auto-entrepreneuriat.<\/em><\/span><\/strong><\/span><span id=\"more-325221\"\/><\/p>\n<p class=\"p1\"><span class=\"s1\">L\u2019Agence nationale pour la promotion de la petite et moyenne entreprise (Maroc PME) a organis\u00e9 du 26 au 29 novembre la Semaine de l\u2019entreprise dans la r\u00e9gion de Dakhla-Oued Eddabab avec au menu une s\u00e9rie de rencontres au profit des auto-entrepreneurs et des jeunes entreprises innovantes. Cette semaine vient pour donner une nouvelle impulsion aux efforts visant la promotion de la comp\u00e9titivit\u00e9 des petites et moyennes entreprises de la r\u00e9gion.<\/span><\/p>\n<p class=\"p1\"><span class=\"s1\">Initi\u00e9e par l\u2019ANPME en partenariat avec le Conseil r\u00e9gional et la Chambre de commerce, d\u2019industrie et de services de la r\u00e9gion, cette semaine a pour objectif d\u2019informer et de sensibiliser les chefs d\u2019entreprises, les porteurs de projets et les auto-entrepreneurs aux programmes d\u2019appui et d\u2019accompagnement, et \u00e0 inciter les jeunes dipl\u00f4m\u00e9s \u00e0 se lancer dans l\u2019auto-entrepreneuriat.<\/span><\/p>\n<p class=\"p1\"><span class=\"s1\">Dans une allocution \u00e0 l\u2019occasion de cette semaine, le wali de la r\u00e9gion de Dakhla-Oued Eddahab, Lamine Benomar, a soulign\u00e9 que la tenue de cette rencontre intervient en application des Hautes directives royales portant sur la n\u00e9cessit\u00e9 de soutenir les initiatives individuelles, en particulier les PME, de permettre aux jeunes d\u2019obtenir des pr\u00eats bancaires pour financer leurs projets et d\u2019encourager les acteurs dans le secteur informel \u00e0 s\u2019engager davantage dans le processus d\u2019int\u00e9gration professionnelle et \u00e9conomique.<\/span><\/p>\n<p class=\"p1\"><span class=\"s1\">Les diff\u00e9rents intervenants lors de cette semaine ont relev\u00e9 les d\u00e9fis pos\u00e9s devant les PME, notamment sur les plans de l\u2019acc\u00e8s au financement, le d\u00e9phasage des politiques publiques avec les r\u00e9alit\u00e9s et la culture entrepreneuriale, le d\u00e9ficit en mati\u00e8re de formation, la complexit\u00e9 des proc\u00e9dures administratives, et les faiblesses persistantes face \u00e0 la concurrence.<\/span><\/p>\n<p class=\"p1\"><span class=\"s1\">Au programme de cet \u00e9v\u00e9nement plusieurs rencontres au profit des entreprises, et la Banque populaire, des s\u00e9ances B2B avec les chefs d\u2019entreprises pr\u00e9sents, une formation sur le programme d\u2019acc\u00e9l\u00e9ration et \u00e0 l\u2019inclusion digitale et le programme Lean Management, une journ\u00e9e de sensibilisation au profit des entreprises membres de la Chambre fran\u00e7aise de commerce et d\u2019industrie du Maroc. Ainsi que plusieurs conf\u00e9rences pour pr\u00e9senter les programmes d\u2019appui et les actions d\u2019accompagnement au profit des entreprises r\u00e9gionales, et pour favoriser l\u2019\u00e9change et le partage d\u2019informations et de r\u00e9flexions avec les acteurs locaux.<\/span><\/p>\n<p class=\"p1\"><span class=\"s1\">Pour rappel, la contribution de l\u2019ANPME au soutien de projets d\u2019investissement dans la r\u00e9gion de Dakhla-Oued- Eddahab a atteint 21,63 millions de dirhams (MDH) au cours des quatre derni\u00e8res ann\u00e9es.<\/span><\/p>\n<p class=\"p1\"><span class=\"s1\">Ce montant d\u00e9passe le budget pr\u00e9vu dans le cadre de la convention de financement et de mise en \u0153uvre de programmes de d\u00e9veloppement conjoints dans la r\u00e9gion. Alors que le nombre de personnes inscrites dans le syst\u00e8me de l\u2019auto-entrepreneur a atteint 435 personnes, dont 36\u00a0% des femmes, \u00e0 la fin du mois d\u2019octobre dernier.<\/span><\/p>\n<p>Auteur: Mohamed Laabid<br \/>\n<a href=\"http:\/\/aujourdhui.ma\/economie\/entrepreneuriat-maroc-pme-organise-la-semaine-de-lentreprise-a-dakhla\">Cliquez ici pour lire l&rsquo;article depuis sa source.<\/a><\/p>\n","protected":false},"excerpt":{"rendered":"<p>Cette semaine a pour objectif d\u2019informer et de sensibiliser les chefs d\u2019entreprises, les porteurs de projets et les auto-entrepreneurs aux programmes d\u2019appui et d\u2019accompagnement, et \u00e0 inciter les jeunes dipl\u00f4m\u00e9s \u00e0 se lancer dans l\u2019auto-entrepreneuriat. L\u2019Agence nationale pour la promotion de la petite et moyenne entreprise (Maroc PME) a organis\u00e9 du 26 au 29 novembre [&hellip;]<\/p>\n","protected":false},"author":1759,"featured_media":0,"comment_status":"closed","ping_status":"closed","sticky":false,"template":"","format":"standard","meta":{"fifu_image_url":"","fifu_image_alt":"","footnotes":""},"categories":[73,54],"tags":[],"class_list":["post-69103","post","type-post","status-publish","format-standard","hentry","category-actualite","category-maroc"],"_links":{"self":[{"href":"https:\/\/linitiative.ca\/International\/wp-json\/wp\/v2\/posts\/69103","targetHints":{"allow":["GET"]}}],"collection":[{"href":"https:\/\/linitiative.ca\/International\/wp-json\/wp\/v2\/posts"}],"about":[{"href":"https:\/\/linitiative.ca\/International\/wp-json\/wp\/v2\/types\/post"}],"author":[{"embeddable":true,"href":"https:\/\/linitiative.ca\/International\/wp-json\/wp\/v2\/users\/1759"}],"replies":[{"embeddable":true,"href":"https:\/\/linitiative.ca\/International\/wp-json\/wp\/v2\/comments?post=69103"}],"version-history":[{"count":0,"href":"https:\/\/linitiative.ca\/International\/wp-json\/wp\/v2\/posts\/69103\/revisions"}],"wp:attachment":[{"href":"https:\/\/linitiative.ca\/International\/wp-json\/wp\/v2\/media?parent=69103"}],"wp:term":[{"taxonomy":"category","embeddable":true,"href":"https:\/\/linitiative.ca\/International\/wp-json\/wp\/v2\/categories?post=69103"},{"taxonomy":"post_tag","embeddable":true,"href":"https:\/\/linitiative.ca\/International\/wp-json\/wp\/v2\/tags?post=69103"}],"curies":[{"name":"wp","href":"https:\/\/api.w.org\/{rel}","templated":true}]}}