{"id":69104,"date":"2019-12-02T05:44:19","date_gmt":"2019-12-02T10:44:19","guid":{"rendered":"https:\/\/linitiative.ca\/International\/uruguay-le-pays-bascule-a-droite\/"},"modified":"2019-12-02T05:44:19","modified_gmt":"2019-12-02T10:44:19","slug":"uruguay-le-pays-bascule-a-droite","status":"publish","type":"post","link":"https:\/\/linitiative.ca\/International\/uruguay-le-pays-bascule-a-droite\/","title":{"rendered":"Uruguay: Le pays bascule \u00e0 droite\u2026"},"content":{"rendered":"<p class=\"has-text-color has-vivid-cyan-blue-color\"><strong>Apr\u00e8s un nouveau d\u00e9compte qui a dur\u00e9 trois jours, le tribunal \u00e9lectoral uruguayen a confirm\u00e9, ce jeudi, la victoire du candidat de centre-droit Louis Lacalle Pou, 46 ans, avec 1,168 million de voix soit 48,71% des suffrages exprim\u00e9s contre Daniel Martinez, 62 ans, ancien maire de Montevideo, candidat de la coalition sortante, le Frente Amplio (Front Elargi) qui n\u2019a recueilli, quant \u00e0 lui, que 1,139 million de voix soit 47,51% des suffrages exprim\u00e9s.<\/strong><\/p>\n<p>Reconnaissant sa d\u00e9faite \u2013 m\u00eame si elle n\u2019est que d\u2019une courte t\u00eate \u2013 Daniel Martinez s\u2019est empress\u00e9 d\u2019\u00e9crire sur son compte Twitter\u00a0: \u00abNous saluons le pr\u00e9sident \u00e9lu Luis Lacalle Pou que je vais rencontrer demain (\u2026) Nous continuerons \u00e0 d\u00e9fendre, plus que jamais, la d\u00e9mocratie\u00bb; \u00e0 la suite de quoi le candidat victorieux lui a imm\u00e9diatement r\u00e9pondu \u00abGracias Daniel\u00bb (merci Daniel).<\/p>\n<p>La victoire de Luis Lacalle Pou qui n\u2019est autre que le fils de Luis Alberto Lacalle qui avait pr\u00e9sid\u00e9 aux destin\u00e9es de l\u2019Uruguay de 1990 \u00e0 1995, a fait descendre dans les rues de Montevideo, la capitale du pays, des milliers d\u2019uruguayens contents de tourner la page de quinze ann\u00e9es de pr\u00e9sidence de gauche dans un pays jusque-l\u00e0 \u00e9pargn\u00e9 par la vague de contestation qui balaie l\u2019Am\u00e9rique latine.<\/p>\n<p>Cette victoire met donc fin \u00e0 la \u00abvague rose\u00bb qui, en d\u00e9ferlant sur la r\u00e9gion avec les gouvernements de Nestor et Cristina\u00a0\u00a0Kirchner en Argentine, Luis Inacio Lula da Silva au Br\u00e9sil, Evo Morales en Bolivie et, enfin, Rafael Correa en Equateur, avait dur\u00e9 15 ann\u00e9es avec Tabar\u00e9 Vasquez (2005-2010\/2015-2020) et l\u2019ancien gu\u00e9rillero d\u2019extr\u00eame-gauche Jose Mujica dit P\u00e9p\u00e9 Mujica (2010-2015).<\/p>\n<p>Il convient de pr\u00e9ciser que lorsque la coalition de gauche \u00e9tait aux commandes de l\u2019Uruguay, elle avait approuv\u00e9 l\u2019avortement en 2012, le mariage homosexuel en 2013 avant d\u2019\u00eatre pionni\u00e8re dans la l\u00e9galisation du cannabis la m\u00eame ann\u00e9e.<\/p>\n<p>En outre, de 2004 \u00e0 2008, l\u2019Uruguay avait connu un taux de croissance sup\u00e9rieur \u00e0 6% et, pendant les seize ann\u00e9es du gouvernement de gauche, le pays a connu la plus longue expansion de son histoire. D\u2019ailleurs, la restructuration de l\u2019\u00e9conomie uruguayenne est cons\u00e9cutive aux r\u00e9formes entreprises par les deux pr\u00e9sidents Tabar\u00e9 Vasquez et Jos\u00e9 Mujica afin de doter le pays des politiques sociales n\u00e9cessaires \u00e0 son rel\u00e8vement \u00e9conomique.<\/p>\n<p>Et si l\u2019Uruguay reste, tout de m\u00eame, l\u2019un des pays les plus s\u00fbrs et les plus stables d\u2019Am\u00e9rique latine en d\u00e9pit d\u2019une brusque hausse de la criminalit\u00e9 l\u2019ann\u00e9e derni\u00e8re, il y a lieu de reconnaitre, toutefois, que la criminalit\u00e9 y arrive, quand m\u00eame, en t\u00eate des pr\u00e9occupations des \u00e9lecteurs. D\u2019un autre c\u00f4t\u00e9, en mati\u00e8re \u00e9conomique, le ch\u00f4mage fr\u00f4le 9,5% alors que le co\u00fbt de la vie et la pression fiscale figurent en t\u00eate des r\u00e9criminations des chefs d\u2019entreprises et des commer\u00e7ants. Autant de raisons qui avaient pouss\u00e9 le nouveau pr\u00e9sident \u00e0 s\u2019engager, durant sa campagne \u00e9lectorale, \u00e0 diminuer les d\u00e9penses de l\u2019Etat pour r\u00e9duire le d\u00e9ficit public qui est de l\u2019ordre de 4,9% du PIB et \u00e0 ne point augmenter les imp\u00f4ts afin de pouvoir \u00ab\u00a0donner de la marge\u00a0\u00bb \u00e0 tous ceux qui produisent.<\/p>\n<p>Et m\u00eame si Luis Lacalle Pou qui a \u00e9t\u00e9 imm\u00e9diatement f\u00e9licit\u00e9 par le pr\u00e9sident sortant argentin Mauricio Macri et invit\u00e9 par Jair Bolsonaro \u00e0 \u00abvenir visiter le Br\u00e9sil rapidement\u00bb ne sera officiellement investi \u00e0 la t\u00eate de l\u2019Uruguay que le 1<sup>er<\/sup>\u00a0Mars 2020, le pr\u00e9sident-\u00e9lu a d\u00e9j\u00e0 commenc\u00e9 \u00e0 former une \u00e9quipe gouvernementale qui comprendra des repr\u00e9sentants de tous les partis de la coalition conservatrice de droite.<\/p>\n<p>Enfin, Luis Lacalle Pou et sa coalition de droite parviendront-ils \u00e0 faire pour l\u2019Uruguay plus et mieux que ce qu\u2019ont fait leurs pr\u00e9d\u00e9cesseurs de gauche ? Attendons pour voir\u2026<\/p>\n<p class=\"c2\"><strong>Nabil Bousaadi<\/strong><\/p>\n<p>Auteur: M&rsquo;hammed rahal<br \/>\n<a href=\"http:\/\/albayane.press.ma\/uruguay-le-pays-bascule-a-droite.html\">Cliquez ici pour lire l&rsquo;article depuis sa source.<\/a><\/p>\n","protected":false},"excerpt":{"rendered":"<p>Apr\u00e8s un nouveau d\u00e9compte qui a dur\u00e9 trois jours, le tribunal \u00e9lectoral uruguayen a confirm\u00e9, ce jeudi, la victoire du candidat de centre-droit Louis Lacalle Pou, 46 ans, avec 1,168 million de voix soit 48,71% des suffrages exprim\u00e9s contre Daniel Martinez, 62 ans, ancien maire de Montevideo, candidat de la coalition sortante, le Frente Amplio [&hellip;]<\/p>\n","protected":false},"author":1760,"featured_media":0,"comment_status":"closed","ping_status":"closed","sticky":false,"template":"","format":"standard","meta":{"fifu_image_url":"","fifu_image_alt":"","footnotes":""},"categories":[73,54],"tags":[],"class_list":["post-69104","post","type-post","status-publish","format-standard","hentry","category-actualite","category-maroc"],"_links":{"self":[{"href":"https:\/\/linitiative.ca\/International\/wp-json\/wp\/v2\/posts\/69104","targetHints":{"allow":["GET"]}}],"collection":[{"href":"https:\/\/linitiative.ca\/International\/wp-json\/wp\/v2\/posts"}],"about":[{"href":"https:\/\/linitiative.ca\/International\/wp-json\/wp\/v2\/types\/post"}],"author":[{"embeddable":true,"href":"https:\/\/linitiative.ca\/International\/wp-json\/wp\/v2\/users\/1760"}],"replies":[{"embeddable":true,"href":"https:\/\/linitiative.ca\/International\/wp-json\/wp\/v2\/comments?post=69104"}],"version-history":[{"count":0,"href":"https:\/\/linitiative.ca\/International\/wp-json\/wp\/v2\/posts\/69104\/revisions"}],"wp:attachment":[{"href":"https:\/\/linitiative.ca\/International\/wp-json\/wp\/v2\/media?parent=69104"}],"wp:term":[{"taxonomy":"category","embeddable":true,"href":"https:\/\/linitiative.ca\/International\/wp-json\/wp\/v2\/categories?post=69104"},{"taxonomy":"post_tag","embeddable":true,"href":"https:\/\/linitiative.ca\/International\/wp-json\/wp\/v2\/tags?post=69104"}],"curies":[{"name":"wp","href":"https:\/\/api.w.org\/{rel}","templated":true}]}}