{"id":69105,"date":"2019-12-02T05:55:04","date_gmt":"2019-12-02T10:55:04","guid":{"rendered":"https:\/\/linitiative.ca\/International\/le-baton-du-pelerin\/"},"modified":"2019-12-02T05:55:04","modified_gmt":"2019-12-02T10:55:04","slug":"le-baton-du-pelerin","status":"publish","type":"post","link":"https:\/\/linitiative.ca\/International\/le-baton-du-pelerin\/","title":{"rendered":"Le b\u00e2ton du p\u00e8lerin!"},"content":{"rendered":"<p class=\"has-text-color has-vivid-cyan-blue-color\"><strong>D\u00e9cid\u00e9ment, on a l\u2019impression que, comme par enchantement, la r\u00e9gion du Souss Massa et surtout sa capitale, est en passe de se relever d\u2019un cauchemar qui les hantait, des d\u00e9cennies durant. On ne peut s\u2019en tromper ni s\u2019y \u00e9garer pour s\u2019en rendre compte, au fil du temps.<\/strong><\/p>\n<p>Depuis son d\u00e9barquement sur Agadir, le chef de file de la r\u00e9gion se saisit du b\u00e2ton de p\u00e8lerin et s\u2019en alla chasser la \u00abmal\u00e9diction\u00bb qui ne cessait de s\u2019abattre sur ces contr\u00e9es, sous le \u00abr\u00e8gne\u00bb de nombre de ses pr\u00e9d\u00e9cesseurs, tous aussi d\u00e9sinvoltes que ringards, hormis une certaine minorit\u00e9 infime. Au vu des d\u00e9ficits cumul\u00e9s, \u00e0 travers l\u2019histoire des pr\u00e9somptions vicieuses qui prolif\u00e9rait sans limite, la mission du nouveau venu n\u2019\u00e9tait pas de tout repos. Sans doute, avait-il fallu s\u2019y mettre autrement pour tenter d\u2019en exorciser le maudit spectre qui planait sur la cit\u00e9, en qu\u00eate de ses rep\u00e8res.<\/p>\n<p>\u00abLe style c\u2019est l\u2019homme!\u00bb, disait un jour Georges-Louis Leclerc de Buffon, devant l\u2019acad\u00e9mie fran\u00e7aise. Il avait bien ce style singulier par le biais duquel, il fait face aux gabegies, en cours de route. Pour ce faire, il a toujours fait montre de beaucoup de tact et de doigt\u00e9, sans trop de tapage ni de fanfare. Bien au contraire, il y proc\u00e8de, \u00e0 tout moment, par minutie et rusticit\u00e9, au point de r\u00e9sorber ces grabuges les plus \u00e9pineux, en si peu de temps.<\/p>\n<p>On se rappellera comment ses coll\u00e8gues d\u2019antan trouvaient du plaisir \u00e0 s\u2019y prendre, tant\u00f4t par exhibitionnisme b\u00e9at, tant\u00f4t par herm\u00e9tisme d\u00e9mesur\u00e9. \u00abC\u2019est dans la pratique qu\u2019il faut que l\u2019homme prouve la v\u00e9rit\u00e9!\u00bb, disait Karl Marx dans l\u2019une de ses fameuses citations. C\u2019est, en fait, ce que ne cesse de mettre en exergue leur successeur pour sortir des orni\u00e8res.<\/p>\n<p>Tout d\u2019abord, il sillonnait les patelins les plus recul\u00e9s afin de s\u2019enqu\u00e9rir de visu, des r\u00e9alit\u00e9s qui s\u2019y op\u00e8rent et d\u2019en prescrire les panac\u00e9es opportunes. Il met \u00e9galement du tonus dans la s\u00e9rie des investissements qui d\u00e9ferle actuellement comme des champignons sur les plateformes de la r\u00e9gion, en particulier celles d\u2019Agadir, en parfaite harmonie avec la zone en franche en pleine construction.<\/p>\n<p>De m\u00eame, il excelle particuli\u00e8rement dans une vertu dont peu de ses pairs fait usage, aux abords des t\u00e2ches auxquelles on se trouve confront\u00e9s. Il s\u2019agit de la valeur de l\u2019\u00e9coute qui faisait d\u00e9faut, en tous cas, aux d\u00e9cideurs d\u2019antan. \u00abAujourd\u2019hui, on ne sait plus parler parce qu\u2019on ne sait plus \u00e9couter!\u00bb, disait Jules Renard, l\u2019\u00e9crivain du c\u00e9l\u00e8bre ouvrage \u00abPoil de carotte\u00bb.<\/p>\n<p>Toutes ces qualit\u00e9s ind\u00e9niables qu\u2019on trouve rarement surtout chez un responsable, habituellement absorb\u00e9 par les caprices ou encore les z\u00e8les de l\u2019\u00abAutorit\u00e9\u00bb, ont fini par r\u00e9compenser non seulement son auteur, constamment \u00e9pris d\u2019humilit\u00e9 et de circonspection, mais \u00e9galement toute la r\u00e9gion.<\/p>\n<p>En effet, comme on pouvait s\u2019y attendre gr\u00e2ce \u00e0 cette m\u00e9tamorphose salvatrice, le Souverain vient de combler ce bon bout de terre de sa Haute Sollicitude, en promettant d\u2019en faire un p\u00f4le \u00e9conomique d\u2019envergure et, de ce fait, d\u2019en reconsid\u00e9rer les atouts dont il regorge. Mission accomplie pour un \u00e9norme strat\u00e8ge r\u00e9gional qui a fait ses preuves, avec autant de majest\u00e9, de finesse et de persuasion!<\/p>\n<p>Auteur: M&rsquo;hammed rahal<br \/>\n<a href=\"http:\/\/albayane.press.ma\/le-baton-du-pelerin.html\">Cliquez ici pour lire l&rsquo;article depuis sa source.<\/a><\/p>\n","protected":false},"excerpt":{"rendered":"<p>D\u00e9cid\u00e9ment, on a l\u2019impression que, comme par enchantement, la r\u00e9gion du Souss Massa et surtout sa capitale, est en passe de se relever d\u2019un cauchemar qui les hantait, des d\u00e9cennies durant. On ne peut s\u2019en tromper ni s\u2019y \u00e9garer pour s\u2019en rendre compte, au fil du temps. Depuis son d\u00e9barquement sur Agadir, le chef de [&hellip;]<\/p>\n","protected":false},"author":1760,"featured_media":0,"comment_status":"closed","ping_status":"closed","sticky":false,"template":"","format":"standard","meta":{"fifu_image_url":"","fifu_image_alt":"","footnotes":""},"categories":[73,54],"tags":[],"class_list":["post-69105","post","type-post","status-publish","format-standard","hentry","category-actualite","category-maroc"],"_links":{"self":[{"href":"https:\/\/linitiative.ca\/International\/wp-json\/wp\/v2\/posts\/69105","targetHints":{"allow":["GET"]}}],"collection":[{"href":"https:\/\/linitiative.ca\/International\/wp-json\/wp\/v2\/posts"}],"about":[{"href":"https:\/\/linitiative.ca\/International\/wp-json\/wp\/v2\/types\/post"}],"author":[{"embeddable":true,"href":"https:\/\/linitiative.ca\/International\/wp-json\/wp\/v2\/users\/1760"}],"replies":[{"embeddable":true,"href":"https:\/\/linitiative.ca\/International\/wp-json\/wp\/v2\/comments?post=69105"}],"version-history":[{"count":0,"href":"https:\/\/linitiative.ca\/International\/wp-json\/wp\/v2\/posts\/69105\/revisions"}],"wp:attachment":[{"href":"https:\/\/linitiative.ca\/International\/wp-json\/wp\/v2\/media?parent=69105"}],"wp:term":[{"taxonomy":"category","embeddable":true,"href":"https:\/\/linitiative.ca\/International\/wp-json\/wp\/v2\/categories?post=69105"},{"taxonomy":"post_tag","embeddable":true,"href":"https:\/\/linitiative.ca\/International\/wp-json\/wp\/v2\/tags?post=69105"}],"curies":[{"name":"wp","href":"https:\/\/api.w.org\/{rel}","templated":true}]}}