{"id":69106,"date":"2019-12-02T06:17:30","date_gmt":"2019-12-02T11:17:30","guid":{"rendered":"https:\/\/linitiative.ca\/International\/imposante-journee-de-solidarite-avec-la-palestine-a-rabat\/"},"modified":"2019-12-02T06:17:30","modified_gmt":"2019-12-02T11:17:30","slug":"imposante-journee-de-solidarite-avec-la-palestine-a-rabat","status":"publish","type":"post","link":"https:\/\/linitiative.ca\/International\/imposante-journee-de-solidarite-avec-la-palestine-a-rabat\/","title":{"rendered":"Imposante Journ\u00e9e de solidarit\u00e9 avec la Palestine \u00e0 Rabat"},"content":{"rendered":"<p class=\"has-text-color has-vivid-red-color c2\"><strong>A l\u2019image des marches millionnaires de solidarit\u00e9 des Marocains avec les Palestiniens<\/strong><\/p>\n<p class=\"has-text-color has-vivid-cyan-blue-color\"><strong>Profond\u00e9ment bless\u00e9s et\u00a0\u00a0r\u00e9volt\u00e9s par les injustices inflig\u00e9es aux Palestiniens sans armes et partageant enti\u00e8rement leurs sentiments de frustration et de d\u00e9sespoir, de plus en plus de\u00a0\u00a0Marocains, toutes g\u00e9n\u00e9rations confondues, consid\u00e8rent qu\u2019il est de leur devoir de se mobiliser et manifester leur solidarit\u00e9 avec le peuple palestinien opprim\u00e9, assi\u00e9g\u00e9, affam\u00e9 et priv\u00e9 de tous ses droits\u00a0\u00a0les plus \u00e9l\u00e9mentaires dont celui de vivre en paix dans son Etat ind\u00e9pendant.<\/strong><\/p>\n<p>Vendredi soir \u00e0 la biblioth\u00e8que nationale du Royaume\u00a0\u00a0\u00e0 Rabat, un public tr\u00e8s nombreux\u00a0\u00a0compos\u00e9 de diff\u00e9rentes g\u00e9n\u00e9rations,\u00a0\u00a0avec en premier lieu les secr\u00e9taires g\u00e9n\u00e9raux des partis politiques et des syndicats, dont le secr\u00e9taire g\u00e9n\u00e9ral du Parti du progr\u00e8s et du socialisme\u00a0, a r\u00e9pondu pr\u00e9sent \u00e0 un rassemblement organis\u00e9 par l\u2019ambassade de l\u2019Etat de Palestine au Maroc, \u00e0 l\u2019occasion de la Journ\u00e9e internationale de solidarit\u00e9 avec le peuple palestinien, dont la c\u00e9l\u00e9bration co\u00efncide avec le 29 novembre de chaque ann\u00e9e.\u00a0\u00a0Etaient \u00e9galement pr\u00e9sents des repr\u00e9sentants de plusieurs organisations et associations de la soci\u00e9t\u00e9 civile, de d\u00e9fense des droits de l\u2019homme et du corps diplomatique \u00e0 Rabat.<\/p>\n<p class=\"has-text-color has-vivid-red-color\"><strong>Un meeting\u00a0\u00a0grandiose qui rappelle les grandes manifestations millionnaires\u2026<\/strong><\/p>\n<div class=\"wp-block-image\"><img loading=\"lazy\" decoding=\"async\" src=\"http:\/\/albayane.press.ma\/wp-content\/uploads\/Ambassadeur-de-Palestine.jpg\" alt=\"\" class=\"wp-image-83292\" width=\"558\" height=\"333\"\/><\/div>\n<p>Des dizaines de jeunes et moins jeunes avec la Keffieh autour du cou ou sur l\u2019\u00e9paule n\u2019avaient pas trouv\u00e9 de si\u00e8ge o\u00f9 s\u2019assoir dans le grand amphith\u00e9\u00e2tre de la biblioth\u00e8que nationale. Des femmes, des jeunes, des gar\u00e7ons, des vieillards avaient rempli les couloirs. Certains, y compris des doyens et des doyennes, sont rest\u00e9s debout alors que d\u2019autres se sont assis \u00e0 m\u00eame le sol pour suivre le d\u00e9roulement de l\u2019\u00e9v\u00e8nement, un meeting\u00a0\u00a0qui rappelle les grandes manifestations millionnaires, que les Marocains ont pris l\u2019habitude d\u2019organiser \u00e0 chaque fois que c\u2019est n\u00e9cessaire pour exprimer leurs ras le bol et rejet des plans diaboliques et guerriers de l\u2019entit\u00e9\u00a0sioniste et rappeler \u00e0 la communaut\u00e9 internationale sa responsabilit\u00e9 et son devoir de prot\u00e9ger les populations palestiniennes contre les assassinats syst\u00e9matiques, la destruction des villages et villes et l\u2019extension des colonies de peuplement, devenues \u00ab\u00a0l\u00e9gales\u00a0\u00bb aux yeux de l\u2019Administration am\u00e9ricaine.<\/p>\n<p>Prenant la parole, l\u2019ambassadeur de l\u2019Etat de Palestine au Maroc, Jamal Choubaki a rappel\u00e9 que la journ\u00e9e du 29 novembre a \u00e9t\u00e9 choisie par l\u2019Assembl\u00e9e g\u00e9n\u00e9rale de l\u2019ONU en 1977 en comm\u00e9moration de la d\u00e9claration de Balfour de 1917 et la r\u00e9solution de partage du 29 novembre 1947.<\/p>\n<p>B\u00e9n\u00e9ficiant du soutien multiforme de l\u2019Administration am\u00e9ricaine, l\u2019Etat d\u2019occupation isra\u00e9lienne multiplie les remises en cause des accords conclus avec l\u2019Autorit\u00e9 palestinienne dont celui d\u2019Oslo. Il ne veut plus entendre parler de la solution \u00e0 deux Etats, du droit de retour des Palestiniens expuls\u00e9s de chez eux ou m\u00eame de vivre de paix.<\/p>\n<p>Plus que cela, l\u2019Administration am\u00e9ricaine ne s\u2019est pas content\u00e9e du feu vert donn\u00e9 aux autorit\u00e9s isra\u00e9liennes d\u2019occupation. Elle a reconnu Al Qods comme capitale d\u2019Isra\u00ebl, y a transf\u00e9r\u00e9 son ambassade et fait savoir r\u00e9cemment que les colonies isra\u00e9liennes ne sont pas ill\u00e9gales, en violation des r\u00e9solutions des Nations unis, a expliqu\u00e9 le diplomate palestinien.<\/p>\n<p>Pour faire face \u00e0 la situation, l\u2019Autorit\u00e9 nationale palestinienne appelle \u00e0 pr\u00e9sent \u00e0 une conf\u00e9rence internationale de paix et \u00e0 la cr\u00e9ation d\u2019un m\u00e9canisme international de protection des Palestiniens, en proie \u00e0 une v\u00e9ritable liquidation comme l\u2019est leur Cause.<\/p>\n<p>L\u2019Administration am\u00e9ricaine a en effet propos\u00e9 un plan dans le cadre de ce qu\u2019on a appel\u00e9 \u00abla Transaction du si\u00e8cle\u00bb pour liquider une fois pour toutes la Cause palestinienne, a rappel\u00e9 l\u2019ambassadeur, qui a rendu un vibrant hommage au Maroc, Roi, peuple et gouvernement pour sa solidarit\u00e9 agissante avec le peuple palestinien. Il a exprim\u00e9 aussi sa profonde gratitude \u00e0 SM le Roi, pr\u00e9sident du Comit\u00e9 Al Qods, pour avoir adress\u00e9 \u00e0 cette occasion un message au pr\u00e9sident du Comit\u00e9 pour l\u2019exercice des droits inali\u00e9nables du peuple palestinien, Cheikh Niang.<\/p>\n<p class=\"has-text-color has-vivid-red-color\"><strong>SM le Roi et le SG de l\u2019ONU\u00a0: la solution \u00e0 deux Etats<\/strong><\/p>\n<p>Dans ce message, a indiqu\u00e9 pour sa part le chef du gouvernement Saad Eddine Otmani, le pr\u00e9sident du Comit\u00e9 Al Qods, SM le Roi Mohammed VI, a r\u00e9affirm\u00e9 notamment ses positions et ses propositions relatives \u00e0 la solution \u00e0\u00a0\u00a0deux Etats.<\/p>\n<p>Le Souverain insiste en effet sur la n\u00e9cessit\u00e9 de replacer la cause palestinienne au c\u0153ur des priorit\u00e9s internationales, tout en rappelant que la solution des deux \u00c9tats demeure le pr\u00e9alable essentiel pour mettre fin au conflit isra\u00e9lo-palestinien et instaurer une paix globale au Moyen-Orient, a souligne le chef du gouvernement qui a donn\u00e9 lecture \u00e0 de larges extraits du message royal.<\/p>\n<p>De son cot\u00e9,\u00a0\u00a0Fethi Debbabi, Directeur\u00a0du Centre d\u2019information des Nations Unies \u00e0 Rabat a donn\u00e9 lecture du message du Secr\u00e9taire g\u00e9n\u00e9ral de l\u2019ONU, dans lequel ce dernier r\u00e9affirme les positions de principe de l\u2019organisation des Nations unies sur la solution des deux Etats et en particulier sur l\u2019ill\u00e9galit\u00e9 des colonies isra\u00e9liennes.<\/p>\n<p>Pour sa part, le pr\u00e9sident de l\u2019Association marocaine de soutien \u00e0 la lutte palestinienne, Mohamed Benjelloun Andaloussi a exprim\u00e9 la d\u00e9termination de son organisation, qui traverse une mauvaise p\u00e9riode en raison de la baisse des contributions mat\u00e9rielles et humaines des partis politiques, de poursuivre sa noble mission de soutien jusqu\u2019\u00e0 la victoire finale de la lutte du peuple palestinien.<\/p>\n<div class=\"wp-block-image\"><img loading=\"lazy\" decoding=\"async\" src=\"http:\/\/albayane.press.ma\/wp-content\/uploads\/Assistance-Palestine.jpg\" alt=\"\" class=\"wp-image-83293\" width=\"556\" height=\"332\"\/><\/div>\n<p>Le public a \u00e9t\u00e9 ensuite enchant\u00e9 par les prestations d\u2019une chorale, qui a eu l\u2019ing\u00e9nieuse id\u00e9e de reprendre parmi d\u2019autres\u00a0\u00a0\u00abZahrat al-Madaen\u00bb (La fleur des cit\u00e9s), cette m\u00e9lodie tr\u00e8s poignante chant\u00e9e pour la lib\u00e9ration d\u2019Al Qods par la diva libanaise Fairouz.<\/p>\n<p class=\"c3\"><strong>M\u2019Barek Tafsi<\/strong><\/p>\n<p>Auteur: M&rsquo;hammed rahal<br \/>\n<a href=\"http:\/\/albayane.press.ma\/imposante-journee-de-solidarite-avec-la-palestine-a-rabat.html\">Cliquez ici pour lire l&rsquo;article depuis sa source.<\/a><\/p>\n","protected":false},"excerpt":{"rendered":"<p>A l\u2019image des marches millionnaires de solidarit\u00e9 des Marocains avec les Palestiniens Profond\u00e9ment bless\u00e9s et\u00a0\u00a0r\u00e9volt\u00e9s par les injustices inflig\u00e9es aux Palestiniens sans armes et partageant enti\u00e8rement leurs sentiments de frustration et de d\u00e9sespoir, de plus en plus de\u00a0\u00a0Marocains, toutes g\u00e9n\u00e9rations confondues, consid\u00e8rent qu\u2019il est de leur devoir de se mobiliser et manifester leur solidarit\u00e9 avec [&hellip;]<\/p>\n","protected":false},"author":1760,"featured_media":69107,"comment_status":"closed","ping_status":"closed","sticky":false,"template":"","format":"standard","meta":{"fifu_image_url":"","fifu_image_alt":"","footnotes":""},"categories":[73,54],"tags":[],"class_list":["post-69106","post","type-post","status-publish","format-standard","has-post-thumbnail","hentry","category-actualite","category-maroc"],"_links":{"self":[{"href":"https:\/\/linitiative.ca\/International\/wp-json\/wp\/v2\/posts\/69106","targetHints":{"allow":["GET"]}}],"collection":[{"href":"https:\/\/linitiative.ca\/International\/wp-json\/wp\/v2\/posts"}],"about":[{"href":"https:\/\/linitiative.ca\/International\/wp-json\/wp\/v2\/types\/post"}],"author":[{"embeddable":true,"href":"https:\/\/linitiative.ca\/International\/wp-json\/wp\/v2\/users\/1760"}],"replies":[{"embeddable":true,"href":"https:\/\/linitiative.ca\/International\/wp-json\/wp\/v2\/comments?post=69106"}],"version-history":[{"count":0,"href":"https:\/\/linitiative.ca\/International\/wp-json\/wp\/v2\/posts\/69106\/revisions"}],"wp:featuredmedia":[{"embeddable":true,"href":"https:\/\/linitiative.ca\/International\/wp-json\/"}],"wp:attachment":[{"href":"https:\/\/linitiative.ca\/International\/wp-json\/wp\/v2\/media?parent=69106"}],"wp:term":[{"taxonomy":"category","embeddable":true,"href":"https:\/\/linitiative.ca\/International\/wp-json\/wp\/v2\/categories?post=69106"},{"taxonomy":"post_tag","embeddable":true,"href":"https:\/\/linitiative.ca\/International\/wp-json\/wp\/v2\/tags?post=69106"}],"curies":[{"name":"wp","href":"https:\/\/api.w.org\/{rel}","templated":true}]}}