{"id":69108,"date":"2019-12-02T06:33:29","date_gmt":"2019-12-02T11:33:29","guid":{"rendered":"https:\/\/linitiative.ca\/International\/nabil-benabdallah-au-congres-regional-de-marrakech\/"},"modified":"2019-12-02T06:33:29","modified_gmt":"2019-12-02T11:33:29","slug":"nabil-benabdallah-au-congres-regional-de-marrakech","status":"publish","type":"post","link":"https:\/\/linitiative.ca\/International\/nabil-benabdallah-au-congres-regional-de-marrakech\/","title":{"rendered":"Nabil Benabdallah au congr\u00e8s r\u00e9gional de Marrakech"},"content":{"rendered":"<p class=\"has-text-color has-vivid-red-color c2\"><strong>Les mouvements spontan\u00e9s du peuple attendent \u00e9coute et r\u00e9action positives<\/strong><\/p>\n<p class=\"c3\"><strong>Marrakech: Saoudi El Amalki<\/strong><\/p>\n<p class=\"has-text-color has-vivid-cyan-blue-color\"><strong>Apr\u00e8s avoir tenu une s\u00e9ance interne pour \u00e9lire les instances r\u00e9gionales, les militantes et militants du PPS ont organis\u00e9, en fin d\u2019apr\u00e8s midi, dans un grand palace de la cit\u00e9 ocre, une rencontre publique avec le Secr\u00e9taire G\u00e9n\u00e9ral du parti, Mohamed Nabil Benabdallah. Devant une salle archi-comble, le leader du parti s\u2019est adress\u00e9 \u00e0 cette dense assistance, comme de coutume, par un discours fort, franc et fringant.<\/strong><\/p>\n<p>De prime abord, il a consacr\u00e9 le premier volet de son allocution par mettre l\u2019accent sur le potentiel des diff\u00e9rentes provinces qui regroupent la r\u00e9gion de Marrakech-Safi, aux plans industriel, agricole, touristique, en louant les atouts compl\u00e9mentaires de ces composantes. Mais, il n\u2019a pas manqu\u00e9, non plus, de passer en revue les faiblesses et les difficult\u00e9s dont elles souffrent en mati\u00e8re de mise en avant de ces potentialit\u00e9s et surtout des effets \u00e9cologiques qui affectent aussi bien les sites naturels que les citoyens.<\/p>\n<p class=\"has-text-color has-vivid-red-color\"><strong>Renforcer l\u2019outil partisan<\/strong><\/p>\n<p>D\u2019autre part, l\u2019intervenant n\u2019eut pas de complexe de reconna\u00eetre que le parti s\u2019est un peu \u00e9loign\u00e9 des probl\u00e8mes divers qui touchent la vie des populations, du fait de ses missions gouvernementales. Il est bien vrai, dit-il, que tout au long de sa pr\u00e9sence au sein de l\u2019Ex\u00e9cutif, ses ministres se sont montr\u00e9s actifs et r\u00e9actifs quant aux attentes de ces r\u00e9gions, en particulier dans les secteurs dont ils \u00e9taient en charge.<\/p>\n<p>A pr\u00e9sent, il devient imp\u00e9ratif de poursuivre ces actions, \u00e0 travers les multiples structures du parti. C\u2019est pourquoi, on s\u2019attelle aujourd\u2019hui \u00e0 renforcer de plus belle notre outil partisan, \u00e0 tous les niveaux pour pouvoir assister et encadrer les citoyens dans leur vie quotidienne.<\/p>\n<p>Certes, notre pays a r\u00e9alis\u00e9 des acquis consid\u00e9rables, depuis particuli\u00e8rement l\u2019av\u00e8nement de l\u2019Alternance auquel notre parti avait pris part, mais les carences d\u2019ordre social persistent toujours. Mais, la nation a besoin d\u2019urgence d\u2019un nouveau souffle d\u00e9mocratique qui pourrait recouvrer la confiance perdue et chasser la d\u00e9saffection d\u00e9bordante.<\/p>\n<p>\u00abC\u2019est anormal et insens\u00e9 que les populations endurent aujourd\u2019hui des probl\u00e9matiques contraignantes qui rel\u00e8vent des p\u00e9riodes de la pr\u00e9histoire, alors qu\u2019on est bel et bien en 2019 !\u00bb, d\u00e9plore le SG du parti.<\/p>\n<p>Dans ce sens, il a soulev\u00e9 les divers mouvements des citoyens, surtout des jeunes dans les rues, mais \u00e9galement dans les stades de football. Ce sont des expressions l\u00e9gitimes qui taraudent les manifestants d\u2019une mani\u00e8re spontan\u00e9e. On ne peut alors bl\u00e2mer ni maudire ces mouvements qui sont, pour la plupart, justifi\u00e9s, du fait que les privations sont pressantes. La r\u00e9ponse \u00e0 toutes ces r\u00e9actions ne r\u00e9side gu\u00e8re dans la r\u00e9pression ni la sanction et encore moins par l\u2019indiff\u00e9rence, mais dans l\u2019\u00e9coute et la r\u00e9sorption de ces manifestations dans la racine. Il faudrait avant tout encadrer et organiser ces r\u00e9actions, au lieu de les laisser sombrer dans leur caract\u00e8re machinal qui pourrait avoir des r\u00e9percussions f\u00e2cheuses. Des initiatives concr\u00e8tes et convaincantes devraient \u00eatre propos\u00e9es, fond\u00e9es sur l\u2019\u00e9coute et le dialogue, pour endiguer tout d\u00e9rapage.<\/p>\n<p class=\"has-text-color has-vivid-red-color\"><strong>Gouvernement\u00a0: un manque de charge politique et de coh\u00e9rence<\/strong><\/p>\n<p>\u00abNous avons constamment tenu ce discours envers les citoyens, m\u00eame quand nous avons \u00e9t\u00e9 dans le gouvernement, il y a plus de 21 ans, sans nous d\u00e9rober de notre identit\u00e9 ni r\u00e9f\u00e9rence en tant que parti des couches d\u00e9sh\u00e9rit\u00e9es\u00bb, encha\u00eene le leader du parti du livre, tout en rappelant que le parti avait tout le temps respect\u00e9 ses engagement tant avec les diff\u00e9rents gouvernements que les int\u00e9r\u00eats des populations. Aujourd\u2019hui, l\u2019inqui\u00e9tude et la pr\u00e9occupation gagnent presque toutes les souches sociales, notamment les d\u00e9munis, les paysans, les \u00e9tudiants, mais aussi les intellectuels qui semblent, dans leur majorit\u00e9, en dehors de cette crise collective qui atteint m\u00eame les entrepreneurs au point que le climat des affaires para\u00eet maussade. L\u2019actuel gouvernement, absorb\u00e9 par des conflits et des diff\u00e9rends entre ses piliers, n\u2019est en mesure de donner des r\u00e9ponses \u00e0 ces questionnements de plus en plus exasp\u00e9rants. Car, il manque affreusement de charge politique et de coh\u00e9rence n\u00e9cessaire mais surtout de communication avec le peuple.<\/p>\n<p>Dans le m\u00eame ordre d\u2019id\u00e9es, le SG du parti appelle \u00e0 lever la main sur les partis pour qu\u2019ils puissent librement s\u2019allier avec qui ils d\u00e9sirent et quant ils l\u2019entendent. On ne pr\u00e9tendra pas assainir le champ politique national en continuant \u00e0 le priver de son autonomie et de sa libert\u00e9 d\u2019action. L\u2019Etat est amen\u00e9 \u00e0 se focaliser sur la situation chaotique des populations, laiss\u00e9es pour compte, dynamiser le tissu \u00e9conomique afin qu\u2019il soit en mesure de produire et de cr\u00e9er des pistes d\u2019emplois aux jeunes d\u00e9sempar\u00e9s, d\u00e9samorcer les tensions en assainissant les climats politiques\u2026<\/p>\n<div class=\"wp-block-image\"><img loading=\"lazy\" decoding=\"async\" src=\"http:\/\/albayane.press.ma\/wp-content\/uploads\/Assistane-PPS-MKCH-cong1.jpg\" alt=\"\" class=\"wp-image-83298\" width=\"571\" height=\"228\"\/><\/div>\n<p>Et de rappeler que, dans son discours du tr\u00f4ne, le Souverain avait d\u00e9j\u00e0 \u00e9voqu\u00e9 ces ratages et appel\u00e9 \u00e0 att\u00e9nuer les disparit\u00e9s sociales et spatiales, tout en pr\u00f4nant un remaniement minist\u00e9riel, avec un sang nouveau et de nouvelles comp\u00e9tences, susceptibles de relever ces paris. Mais, il semble bien que l\u2019actuel gouvernement conflictuel en plein dissonance et pratiquement tourn\u00e9 vers les prochaines \u00e9lections de 2021, n\u2019est pas pr\u00e9dispos\u00e9 \u00e0 s\u2019occuper des probl\u00e8mes du peuple. On citera, \u00e0 titre d\u2019exemple, le report r\u00e9p\u00e9titif au parlement de la loi qui prohibe la richesse illicite\u00a0!!!<\/p>\n<p class=\"has-text-color has-vivid-red-color\"><strong>Garder espoir et se munir d\u2019optimisme<\/strong><\/p>\n<p>Enfin, Nabil Benabdallah appelle \u00e0 garder espoir, \u00e0 se munir d\u2019optimisme et s\u2019\u00e9loigne du nihilisme qui ne peut apporter aucune valeur ajout\u00e9e aux probl\u00e9matiques dans lesquelles se d\u00e9bat notre pays. Il nous est n\u00e9cessaire de nous mettre aux c\u00f4t\u00e9s des masses populaires pour les orienter et encadrer leurs luttes.<\/p>\n<p>Il importe d\u2019aller les c\u00f4toyer dans les coop\u00e9ratives, les associations\u2026, s\u2019ouvrir sur les aptitudes humaines de la soci\u00e9t\u00e9 qui regorge de comp\u00e9tences et auxquelles nous n\u2019avions pas encore cru et qu\u2019il faudra aborder.<\/p>\n<p>Il convient \u00e9galement de cr\u00e9er un mouvement social et citoyen, capable de s\u2019assumer et s\u2019investir. Toutes les constituantes du parti, ici et ailleurs, se doivent de porter cette initiative, car c\u2019est la seule issue pour sortir de ce marasme. C\u2019est ce que nous avons appel\u00e9 \u00abimpulser une nouveau souffle d\u00e9mocratique\u00bb dans la nation. Apr\u00e8s le discours percutant du SG et la lecture du communiqu\u00e9 du congr\u00e8s r\u00e9gional prononc\u00e9 par Mohamed Kanouni, membre du comit\u00e9 central, Mustapha Addichane, membre du bureau politique et charg\u00e9 du suivi de la r\u00e9gion Marrakech-Safi a pr\u00e9sent\u00e9 au public les membres du bureau r\u00e9gional, avec Ahmed Mansouri, en tant que secr\u00e9taire r\u00e9gional.<\/p>\n<p>Auteur: M&rsquo;hammed rahal<br \/>\n<a href=\"http:\/\/albayane.press.ma\/nabil-benabdallah-au-congres-regional-de-marrakech.html\">Cliquez ici pour lire l&rsquo;article depuis sa source.<\/a><\/p>\n","protected":false},"excerpt":{"rendered":"<p>Les mouvements spontan\u00e9s du peuple attendent \u00e9coute et r\u00e9action positives Marrakech: Saoudi El Amalki Apr\u00e8s avoir tenu une s\u00e9ance interne pour \u00e9lire les instances r\u00e9gionales, les militantes et militants du PPS ont organis\u00e9, en fin d\u2019apr\u00e8s midi, dans un grand palace de la cit\u00e9 ocre, une rencontre publique avec le Secr\u00e9taire G\u00e9n\u00e9ral du parti, Mohamed [&hellip;]<\/p>\n","protected":false},"author":1760,"featured_media":69109,"comment_status":"closed","ping_status":"closed","sticky":false,"template":"","format":"standard","meta":{"fifu_image_url":"","fifu_image_alt":"","footnotes":""},"categories":[73,54],"tags":[],"class_list":["post-69108","post","type-post","status-publish","format-standard","has-post-thumbnail","hentry","category-actualite","category-maroc"],"_links":{"self":[{"href":"https:\/\/linitiative.ca\/International\/wp-json\/wp\/v2\/posts\/69108","targetHints":{"allow":["GET"]}}],"collection":[{"href":"https:\/\/linitiative.ca\/International\/wp-json\/wp\/v2\/posts"}],"about":[{"href":"https:\/\/linitiative.ca\/International\/wp-json\/wp\/v2\/types\/post"}],"author":[{"embeddable":true,"href":"https:\/\/linitiative.ca\/International\/wp-json\/wp\/v2\/users\/1760"}],"replies":[{"embeddable":true,"href":"https:\/\/linitiative.ca\/International\/wp-json\/wp\/v2\/comments?post=69108"}],"version-history":[{"count":0,"href":"https:\/\/linitiative.ca\/International\/wp-json\/wp\/v2\/posts\/69108\/revisions"}],"wp:featuredmedia":[{"embeddable":true,"href":"https:\/\/linitiative.ca\/International\/wp-json\/"}],"wp:attachment":[{"href":"https:\/\/linitiative.ca\/International\/wp-json\/wp\/v2\/media?parent=69108"}],"wp:term":[{"taxonomy":"category","embeddable":true,"href":"https:\/\/linitiative.ca\/International\/wp-json\/wp\/v2\/categories?post=69108"},{"taxonomy":"post_tag","embeddable":true,"href":"https:\/\/linitiative.ca\/International\/wp-json\/wp\/v2\/tags?post=69108"}],"curies":[{"name":"wp","href":"https:\/\/api.w.org\/{rel}","templated":true}]}}