{"id":69110,"date":"2019-12-02T06:48:03","date_gmt":"2019-12-02T11:48:03","guid":{"rendered":"https:\/\/linitiative.ca\/International\/lors-dune-reunion-internationale-a-tanger\/"},"modified":"2019-12-02T06:48:03","modified_gmt":"2019-12-02T11:48:03","slug":"lors-dune-reunion-internationale-a-tanger","status":"publish","type":"post","link":"https:\/\/linitiative.ca\/International\/lors-dune-reunion-internationale-a-tanger\/","title":{"rendered":"Lors d\u2019une r\u00e9union internationale \u00e0 Tanger"},"content":{"rendered":"<p class=\"has-text-color has-vivid-red-color c2\"><strong>Ethique et responsabilit\u00e9 dans les m\u00e9dias: le benchmarking r\u00e9ussi du CNP<\/strong><\/p>\n<p class=\"has-text-color has-vivid-cyan-blue-color\"><strong>En pr\u00e9sence d\u2019\u00e9diteurs, de journalistes et de repr\u00e9sentants d\u2019organismes internationaux de r\u00e9gulation de la presse, le Conseil national de la presse (CNP), qui vient de souffler sa premi\u00e8re bougie, a r\u00e9uni dans le cadre d\u2019une conf\u00e9rence internationale des acteurs de renom, d\u2019imminentes figures de la profession autour de l\u2019\u00e9pineuse question de l\u2019\u00e9thique. \u00c0 l\u2019heure du r\u00e8gne quasi absolu de la culture du \u00abclic\u00bb et de l\u2019h\u00e9g\u00e9monie scandaleuse des fake news, les instances de r\u00e9gulation sont plus que jamais appel\u00e9es \u00e0 serrer la vis au niveau du contr\u00f4le de la d\u00e9ontologie\u00a0 et du respect de l\u2019\u00e9thique professionnelle.<\/strong><\/p>\n<p>Deux jours durant, du vendredi 29 au samedi 30 novembre dernier, \u00e0 la Maison de la presse \u00e0 Tanger, les repr\u00e9sentants d\u2019une douzaine d\u2019organismes de r\u00e9gulation des pays d\u2019Europe, d\u2019Am\u00e9rique\u00a0 Latine et d\u2019Afrique se sont pench\u00e9s sur les moyens \u00e0 m\u00eame d\u2019aider \u00e0 restructurer la presse \u00e0 travers l\u2019harmonisation des syst\u00e8mes \u00e9thique avec la responsabilit\u00e9 des m\u00e9dias. Un chantier monstre, mais somme toute salutaire pour sortir la profession de sa crise et redonner un sens \u00e0 l\u2019acte d\u2019informer.<\/p>\n<p>D\u00e8s la s\u00e9ance inaugurale, le ton a \u00e9t\u00e9 donn\u00e9 par Youn\u00e8s Moujahid, le pr\u00e9sident du CNP, qui a plac\u00e9 la probl\u00e9matique dans son contexte local et international. A cet \u00e9gard, il pr\u00e9cis\u00e9 que l\u2019avenir de la profession dans le monde d\u00e9pend de cet \u00e9quilibre n\u00e9cessaire entre la responsabilit\u00e9 des m\u00e9dias et les droits et protections dont ils b\u00e9n\u00e9ficient pour pr\u00e9server la d\u00e9mocratie. Dans son intervention, Moujahid a \u00e9galement mis l\u2019accent sur la situation \u00e9conomique des entreprises de presse, confront\u00e9es \u00e0 un dysfonctionnement de l\u2019ancien mod\u00e8le et l\u2019absence d\u2019une alternative. Une situation, a-t-il pr\u00e9cis\u00e9, qui impacte s\u00e9rieusement le statut et la situation sociaux des journalistes et de tous les employ\u00e9s dans le secteur.<\/p>\n<p>Cette s\u00e9ance inaugurale a \u00e9t\u00e9 marqu\u00e9e \u00e9galement par la brillante intervention de la repr\u00e9sentante de l\u2019UNESCO au Maroc, Mme Golda El Khory,\u00a0qui n\u2019a pas manqu\u00e9 de saluer cette initiative et qui a appel\u00e9 \u00e0 \u00e9lever la question \u00e9thique au rang de priorit\u00e9 mondiale.<\/p>\n<p>De son c\u00f4t\u00e9, Anthony Bellanger, secr\u00e9taire g\u00e9n\u00e9ral de la F\u00e9d\u00e9ration internationale des journalistes (FIJ), a pr\u00e9sent\u00e9 le parcours de la FIJ, qui repr\u00e9sente environ 600 000 journalistes dans le monde entier, fond\u00e9e en 1926 et dont la pr\u00e9sidence est assur\u00e9e actuellement par Younes Mujahid.<\/p>\n<p>Bellanger a d\u00e9clar\u00e9 que cette ann\u00e9e, la f\u00e9d\u00e9ration avait \u00e9labor\u00e9 un code de d\u00e9ontologie international pour les journalistes, affirmant que le journalisme \u00e9tait \u00abune profession qui n\u00e9cessite du temps, des moyens et la s\u00e9curit\u00e9 morale et mat\u00e9rielle n\u00e9cessaire \u00e0 son ind\u00e9pendance\u00a0\u00bb.<\/p>\n<p>\u00abLes internautes actifs sur les m\u00e9dias sociaux ne sont pas n\u00e9cessairement des journalistes\u00bb, a d\u00e9clar\u00e9 Bellanger. \u00abJ\u2019ai un piano dans mon salon, mais cela ne veut pas dire que je suis un pianiste\u00bb, a-t-il ajout\u00e9. \u00abUn journaliste est une personne form\u00e9e et pay\u00e9e et poss\u00e9dant une carte professionnelle\u00bb, a-t-il indiqu\u00e9.<\/p>\n<p>Lors du premier atelier, qui a suivi la s\u00e9ance d\u2019ouverture et qui a \u00e9t\u00e9 consacr\u00e9 au \u00ab\u00a0R\u00f4le des conseils de la presse dans les syst\u00e8mes de responsabilit\u00e9 des m\u00e9dias\u00a0\u00bb, pr\u00e9sid\u00e9 par le britannique Mike Jempson, les intervenants ont pass\u00e9 en revue les mod\u00e8les de leurs pays et la r\u00e9alit\u00e9 du journalisme dans un groupe de pays d\u2019Afrique, d\u2019Europe, d\u2019Am\u00e9rique et d\u2019Asie. Les interventions se sont accord\u00e9es \u00e0 l\u2019unanimit\u00e9 sur l\u2019existence de probl\u00e8mes li\u00e9s au travail du journalisme dans le monde, notamment en Afrique et dans des zones de conflits, tant en ce qui concerne la r\u00e9alit\u00e9 de la profession que la situation des journalistes.<\/p>\n<p>Caroline Lusher, du Conseil canadien de la presse, a rappel\u00e9 dans son intervention que l\u2019exp\u00e9rience de son pays, dans laquelle elle a parl\u00e9 de la confiance du public et de la fa\u00e7on dont les journaux et les sites d\u2019information canadiens s\u2019emploient \u00e0 gagner et \u00e0 entretenir la confiance des lecteurs \u00e0 travers des sondages permanents. Elle a expliqu\u00e9 que le Conseil de la presse canadienne est une association de la soci\u00e9t\u00e9 civile, sans aucun pouvoir coercitif, mais qui b\u00e9n\u00e9ficie n\u00e9anmoins de 71% de la confiance de l\u2019ensemble de la population canadienne, selon une \u00e9tude r\u00e9alis\u00e9e par des universit\u00e9s canadiennes.<\/p>\n<p>La porte-parole canadienne a soulign\u00e9 que l\u2019auto-organisation de la profession dans son pays avait commenc\u00e9 par la cr\u00e9ation de ce cadre consultatif, qui comprenait des professionnels et d\u2019autres organismes, et repr\u00e9sentait les lecteurs eux-m\u00eames, le travail du Conseil devant donner son opinion sur le respect de la d\u00e9ontologie dans le travail des m\u00e9dias, tandis que les diff\u00e9rends sont r\u00e9solus par la justice canadienne.<\/p>\n<p>Pour sa part, des participants d\u2019Afrique subsaharienne ont pr\u00e9sent\u00e9 un ensemble de d\u00e9fis qui entravent le travail des journalistes dans leurs pays. Dans son expos\u00e9, Eric Omer Sounouvy, pr\u00e9sident du conseil du B\u00e9nin,\u00a0a expliqu\u00e9 que la situation au B\u00e9nin est li\u00e9e aux conditions sociales des journalistes.<\/p>\n<p>Une situation qui rel\u00e8gue au second plan le d\u00e9bat sur l\u2019\u00e9thique de la profession, soulignant que l\u2019autor\u00e9gulation de la profession devrait \u00e9galement viser \u00e0 am\u00e9liorer le statut des journalistes et \u00e0 encadrer l\u2019\u00e9thique de la profession, en particulier dans les pays d\u2019Afrique o\u00f9 la presse souffre encore de probl\u00e8mes difficiles. Les crises \u00e9conomiques et la main mise des \u00c9tats sur les m\u00e9dias publics emp\u00eachent toute \u00e9mancipation des m\u00e9dias et les emp\u00eachent de jouer leur r\u00f4le dans l\u2019\u00e9dification de la d\u00e9mocratie et la promotion des libert\u00e9s.<\/p>\n<p>Lors des deux ateliers de la matin\u00e9e du samedi,\u00a0 l\u2019Irlandais Michael Foley d\u2019Irlande et l\u2019Am\u00e9ricain Colder Culpter ont exprim\u00e9 leur optimisme quant \u00e0 l\u2019avenir de la presse, citant l\u2019exp\u00e9rience du journal (New York Times), qui continue d\u2019atteindre des taux \u00e9lev\u00e9s de vente atteignant plus de 5 millions d\u2019abonn\u00e9s.<\/p>\n<p>En outre, les deux orateurs ont soulev\u00e9 le probl\u00e8me des \u00abfakes news\u00bb, qui, selon eux, sont relanc\u00e9es par la politique de l\u2019\u00c9tat et se d\u00e9veloppent dans un environnement hostile entre le pouvoir et les m\u00e9dias, comme aux \u00c9tats-Unis apr\u00e8s la mont\u00e9e de Trump \u00e0 la Maison-Blanche.<\/p>\n<p>En ce qui concerne l\u2019exp\u00e9rience marocaine, Mahtat Rakas, membre du Conseil national de la presse, est revenu sur les d\u00e9fis auxquels la profession au Maroc est confront\u00e9e et qui ne peuvent \u00eatre r\u00e9solus ind\u00e9pendamment de ce qui se passe dans le monde. Rakas a ajout\u00e9 que l\u2019un des principaux d\u00e9fis auxquels le secteur fait face aujourd\u2019hui est la n\u00e9cessit\u00e9 de trouver une solution aux revenus, de rechercher un nouveau mod\u00e8le \u00e9conomique pour la presse et de s\u2019adapter \u00e0 la transformation digitale connue dans tous les domaines, y compris le journalisme et les m\u00e9dias. M. Rakas a tenu \u00e0 rappeler que les journalistes et les partenaires doivent comprendre que l\u2019avenir de la profession et des professionnels d\u00e9pend de la p\u00e9rennit\u00e9 des entreprises de presse et de la solidit\u00e9 de leurs fondamentaux \u00e9conomiques et financiers.<\/p>\n<p>Rakas a aussi mis l\u2019accent sur le d\u00e9veloppement de la lecture des journaux et sa relation avec\u00a0 la promotion de l\u2019\u00e9ducation et l\u2019am\u00e9lioration de la lecture en g\u00e9n\u00e9ral parmi les jeunes notamment. Outre l\u2019am\u00e9lioration de ses performances, il a appel\u00e9 \u00e0 l\u2019adoption d\u2019un mod\u00e8le \u00e9conomique et de gestion moderne et la recherche d\u2019une solution \u00e9quilibr\u00e9e \u00e0 l\u2019engagement pris aujourd\u2019hui par les g\u00e9ants de l\u2019Internet\u00a0 qui tirent d\u2019\u00e9normes profits de la publicit\u00e9 sans contribuer \u00e0 la production de contenu, mais b\u00e9n\u00e9ficiant du contenu qui leur appartient.<\/p>\n<p>Pour sa part, Meryem Oudghiri, membre du Conseil national de la presse, a r\u00e9v\u00e9l\u00e9 la r\u00e9ception par ce dernier d\u2019une s\u00e9rie de plaintes concernant l\u2019\u00e9thique de la profession, qui concernent pour la plupart la presse \u00e9lectronique.<\/p>\n<p>Auteur: M&rsquo;hammed rahal<br \/>\n<a href=\"http:\/\/albayane.press.ma\/lors-dune-reunion-internationale-a-tanger.html\">Cliquez ici pour lire l&rsquo;article depuis sa source.<\/a><\/p>\n","protected":false},"excerpt":{"rendered":"<p>Ethique et responsabilit\u00e9 dans les m\u00e9dias: le benchmarking r\u00e9ussi du CNP En pr\u00e9sence d\u2019\u00e9diteurs, de journalistes et de repr\u00e9sentants d\u2019organismes internationaux de r\u00e9gulation de la presse, le Conseil national de la presse (CNP), qui vient de souffler sa premi\u00e8re bougie, a r\u00e9uni dans le cadre d\u2019une conf\u00e9rence internationale des acteurs de renom, d\u2019imminentes figures de [&hellip;]<\/p>\n","protected":false},"author":1760,"featured_media":0,"comment_status":"closed","ping_status":"closed","sticky":false,"template":"","format":"standard","meta":{"fifu_image_url":"","fifu_image_alt":"","footnotes":""},"categories":[73,54],"tags":[],"class_list":["post-69110","post","type-post","status-publish","format-standard","hentry","category-actualite","category-maroc"],"_links":{"self":[{"href":"https:\/\/linitiative.ca\/International\/wp-json\/wp\/v2\/posts\/69110","targetHints":{"allow":["GET"]}}],"collection":[{"href":"https:\/\/linitiative.ca\/International\/wp-json\/wp\/v2\/posts"}],"about":[{"href":"https:\/\/linitiative.ca\/International\/wp-json\/wp\/v2\/types\/post"}],"author":[{"embeddable":true,"href":"https:\/\/linitiative.ca\/International\/wp-json\/wp\/v2\/users\/1760"}],"replies":[{"embeddable":true,"href":"https:\/\/linitiative.ca\/International\/wp-json\/wp\/v2\/comments?post=69110"}],"version-history":[{"count":0,"href":"https:\/\/linitiative.ca\/International\/wp-json\/wp\/v2\/posts\/69110\/revisions"}],"wp:attachment":[{"href":"https:\/\/linitiative.ca\/International\/wp-json\/wp\/v2\/media?parent=69110"}],"wp:term":[{"taxonomy":"category","embeddable":true,"href":"https:\/\/linitiative.ca\/International\/wp-json\/wp\/v2\/categories?post=69110"},{"taxonomy":"post_tag","embeddable":true,"href":"https:\/\/linitiative.ca\/International\/wp-json\/wp\/v2\/tags?post=69110"}],"curies":[{"name":"wp","href":"https:\/\/api.w.org\/{rel}","templated":true}]}}