{"id":69112,"date":"2019-12-02T08:31:28","date_gmt":"2019-12-02T13:31:28","guid":{"rendered":"https:\/\/linitiative.ca\/International\/frontiere-avec-lalgerie-exploitation-cette-semaine-du-passage-frontalier-de-hazoua\/"},"modified":"2019-12-02T08:31:28","modified_gmt":"2019-12-02T13:31:28","slug":"frontiere-avec-lalgerie-exploitation-cette-semaine-du-passage-frontalier-de-hazoua","status":"publish","type":"post","link":"https:\/\/linitiative.ca\/International\/frontiere-avec-lalgerie-exploitation-cette-semaine-du-passage-frontalier-de-hazoua\/","title":{"rendered":"Fronti\u00e8re avec l\u2019Alg\u00e9rie : Exploitation cette semaine du passage frontalier de Hazoua"},"content":{"rendered":"<p>Le chef du gouvernement charg\u00e9 de la gestion des affaires courantes, Youssef Chahed, a inaugur\u00e9 dimanche matin le passage frontalier de Hazoua dans la r\u00e9gion de Tozeur annon\u00e7ant \u00e0 cette occasion, le d\u00e9marrage de son exploitation commerciale \u00e0 partir de cette semaine apr\u00e8s l\u2019ach\u00e8vement de la quatri\u00e8me tranche relative \u00e0 la cr\u00e9ation d\u2019un espace de services commerciaux.<\/p>\n<p>Dans une d\u00e9claration aux m\u00e9dias, Chahed a soulign\u00e9 que le passage frontalier de Hazoua r\u00e9alis\u00e9 moyennant 10 millions de dinars est le deuxi\u00e8me plus grand passage, apr\u00e8s celui de Malloula \u00e0 Jendouba, puisque sa capacit\u00e9 d\u2019accueil s\u2019\u00e9l\u00e8ve \u00e0 1 million 800 mille voyageurs.<\/p>\n<p>\u00ab Ce passage frontalier qui relie le Sud-Ouest du pays au Sud de l\u2019Alg\u00e9rie contribuera \u00e0 la cr\u00e9ation de nouveaux postes d\u2019emploi et d\u2019une dynamique commerciale importante dans la r\u00e9gion notamment dans les ports de Zarzis et de Gab\u00e8s \u00bb, a-t-il dit.<\/p>\n<p>A noter que la quatri\u00e8me tranche du projet comporte l\u2019am\u00e9nagement des espaces de manutention et de stockage afin d\u2019encourager les \u00e9changes commerciaux.<\/p>\n<p>Il s\u2019agit d\u2019un parking r\u00e9serv\u00e9 aux camions concern\u00e9s par les proc\u00e9dures commerciales, un dispositif de contr\u00f4le policier, un parking pour les voitures et un parking pour les v\u00e9hicules saisis.<\/p>\n<p>Les travaux de r\u00e9alisation de la quatri\u00e8me tranche ont d\u00e9marr\u00e9 \u00e0 la fin de 2016 tandis que les autres tranches ont \u00e9t\u00e9 r\u00e9alis\u00e9es entre 2013 et 2015. Le passage frontalier est entr\u00e9 partiellement en exploitation au mois de mars 2018.<\/p>\n<p class=\"dpsp-share-text\">Partager c&rsquo;est aimer!<\/p>\n<div class=\"wp-post-author-wrap wp-post-author-shortcode left\">\n<h3 class=\"awpa-title\"\/>\n<div class=\"wp-post-author\">\n<div class=\"awpa-img awpa-author-block square\"><a href=\"http:\/\/lexpertjournal.net\/fr\/author\/expert\/\"><img loading=\"lazy\" decoding=\"async\" alt=\"\" src=\"http:\/\/0.gravatar.com\/avatar\/c828f0b17d24309f0d01a4eac3747085?s=150&#038;d=mm&#038;r=g\" srcset=\"http:\/\/0.gravatar.com\/avatar\/c828f0b17d24309f0d01a4eac3747085?s=300&#038;d=mm&#038;r=g 2x\" class=\"avatar avatar-150 photo\" height=\"150\" width=\"150\"\/><\/a><\/div>\n<\/div>\n<\/div>\n<p>Auteur: L&rsquo;expert<br \/>\n<a href=\"http:\/\/lexpertjournal.net\/fr\/2019\/12\/02\/frontiere-avec-lalgerie-exploitation-cette-semaine-du-passage-frontalier-de-hazoua\/\">Cliquez ici pour lire l&rsquo;article depuis sa source.<\/a><\/p>\n","protected":false},"excerpt":{"rendered":"<p>Le chef du gouvernement charg\u00e9 de la gestion des affaires courantes, Youssef Chahed, a inaugur\u00e9 dimanche matin le passage frontalier de Hazoua dans la r\u00e9gion de Tozeur annon\u00e7ant \u00e0 cette occasion, le d\u00e9marrage de son exploitation commerciale \u00e0 partir de cette semaine apr\u00e8s l\u2019ach\u00e8vement de la quatri\u00e8me tranche relative \u00e0 la cr\u00e9ation d\u2019un espace de [&hellip;]<\/p>\n","protected":false},"author":1775,"featured_media":0,"comment_status":"closed","ping_status":"closed","sticky":false,"template":"","format":"standard","meta":{"fifu_image_url":"","fifu_image_alt":"","footnotes":""},"categories":[78,55],"tags":[],"class_list":["post-69112","post","type-post","status-publish","format-standard","hentry","category-economie","category-tunisie"],"_links":{"self":[{"href":"https:\/\/linitiative.ca\/International\/wp-json\/wp\/v2\/posts\/69112","targetHints":{"allow":["GET"]}}],"collection":[{"href":"https:\/\/linitiative.ca\/International\/wp-json\/wp\/v2\/posts"}],"about":[{"href":"https:\/\/linitiative.ca\/International\/wp-json\/wp\/v2\/types\/post"}],"author":[{"embeddable":true,"href":"https:\/\/linitiative.ca\/International\/wp-json\/wp\/v2\/users\/1775"}],"replies":[{"embeddable":true,"href":"https:\/\/linitiative.ca\/International\/wp-json\/wp\/v2\/comments?post=69112"}],"version-history":[{"count":0,"href":"https:\/\/linitiative.ca\/International\/wp-json\/wp\/v2\/posts\/69112\/revisions"}],"wp:attachment":[{"href":"https:\/\/linitiative.ca\/International\/wp-json\/wp\/v2\/media?parent=69112"}],"wp:term":[{"taxonomy":"category","embeddable":true,"href":"https:\/\/linitiative.ca\/International\/wp-json\/wp\/v2\/categories?post=69112"},{"taxonomy":"post_tag","embeddable":true,"href":"https:\/\/linitiative.ca\/International\/wp-json\/wp\/v2\/tags?post=69112"}],"curies":[{"name":"wp","href":"https:\/\/api.w.org\/{rel}","templated":true}]}}