{"id":69113,"date":"2019-12-02T08:33:02","date_gmt":"2019-12-02T13:33:02","guid":{"rendered":"https:\/\/linitiative.ca\/International\/mahdia-arrestation-de-deux-presumes-terroristes-libyens\/"},"modified":"2019-12-02T08:33:02","modified_gmt":"2019-12-02T13:33:02","slug":"mahdia-arrestation-de-deux-presumes-terroristes-libyens","status":"publish","type":"post","link":"https:\/\/linitiative.ca\/International\/mahdia-arrestation-de-deux-presumes-terroristes-libyens\/","title":{"rendered":"Mahdia : Arrestation de deux pr\u00e9sum\u00e9s terroristes libyens"},"content":{"rendered":"<p>Les forces de police judiciaire de Mahdia viennentd\u2019arr\u00eater deux ressortissants libyens soup\u00e7onn\u00e9s d\u2019appartenir \u00e0 une organisation terroriste, a annonc\u00e9 samedi une source s\u00e9curitaire.<\/p>\n<p>Une patrouille de s\u00e9curit\u00e9, en coordination avec une patrouille de nuit, a perquisitionn\u00e9 le domicile des suspects, \u00e2g\u00e9s de 35 et 17 ans, saisissant des cartouches de fusil Kalachnikov et des masques de visage, a indiqu\u00e9 la m\u00eame source.<\/p>\n<p>Le minist\u00e8re public a ordonn\u00e9 que les deux suspects soient plac\u00e9s en garde \u00e0 vue et d\u2019enqu\u00eater sur leurs possibles liens avec des organisations terroristes et l\u2019origine des objets saisis.<\/p>\n<p class=\"dpsp-share-text\">Partager c&rsquo;est aimer!<\/p>\n<div class=\"wp-post-author-wrap wp-post-author-shortcode left\">\n<h3 class=\"awpa-title\"\/>\n<div class=\"wp-post-author\">\n<div class=\"awpa-img awpa-author-block square\"><a href=\"http:\/\/lexpertjournal.net\/fr\/author\/expert\/\"><img loading=\"lazy\" decoding=\"async\" alt=\"\" src=\"http:\/\/0.gravatar.com\/avatar\/c828f0b17d24309f0d01a4eac3747085?s=150&#038;d=mm&#038;r=g\" srcset=\"http:\/\/0.gravatar.com\/avatar\/c828f0b17d24309f0d01a4eac3747085?s=300&#038;d=mm&#038;r=g 2x\" class=\"avatar avatar-150 photo\" height=\"150\" width=\"150\"\/><\/a><\/div>\n<\/div>\n<\/div>\n<p>Auteur: L&rsquo;expert<br \/>\n<a href=\"http:\/\/lexpertjournal.net\/fr\/2019\/12\/02\/mahdia-arrestation-de-deux-presumes-terroristes-libyens\/\">Cliquez ici pour lire l&rsquo;article depuis sa source.<\/a><\/p>\n","protected":false},"excerpt":{"rendered":"<p>Les forces de police judiciaire de Mahdia viennentd\u2019arr\u00eater deux ressortissants libyens soup\u00e7onn\u00e9s d\u2019appartenir \u00e0 une organisation terroriste, a annonc\u00e9 samedi une source s\u00e9curitaire. Une patrouille de s\u00e9curit\u00e9, en coordination avec une patrouille de nuit, a perquisitionn\u00e9 le domicile des suspects, \u00e2g\u00e9s de 35 et 17 ans, saisissant des cartouches de fusil Kalachnikov et des masques [&hellip;]<\/p>\n","protected":false},"author":1775,"featured_media":0,"comment_status":"closed","ping_status":"closed","sticky":false,"template":"","format":"standard","meta":{"fifu_image_url":"","fifu_image_alt":"","footnotes":""},"categories":[78,55],"tags":[],"class_list":["post-69113","post","type-post","status-publish","format-standard","hentry","category-economie","category-tunisie"],"_links":{"self":[{"href":"https:\/\/linitiative.ca\/International\/wp-json\/wp\/v2\/posts\/69113","targetHints":{"allow":["GET"]}}],"collection":[{"href":"https:\/\/linitiative.ca\/International\/wp-json\/wp\/v2\/posts"}],"about":[{"href":"https:\/\/linitiative.ca\/International\/wp-json\/wp\/v2\/types\/post"}],"author":[{"embeddable":true,"href":"https:\/\/linitiative.ca\/International\/wp-json\/wp\/v2\/users\/1775"}],"replies":[{"embeddable":true,"href":"https:\/\/linitiative.ca\/International\/wp-json\/wp\/v2\/comments?post=69113"}],"version-history":[{"count":0,"href":"https:\/\/linitiative.ca\/International\/wp-json\/wp\/v2\/posts\/69113\/revisions"}],"wp:attachment":[{"href":"https:\/\/linitiative.ca\/International\/wp-json\/wp\/v2\/media?parent=69113"}],"wp:term":[{"taxonomy":"category","embeddable":true,"href":"https:\/\/linitiative.ca\/International\/wp-json\/wp\/v2\/categories?post=69113"},{"taxonomy":"post_tag","embeddable":true,"href":"https:\/\/linitiative.ca\/International\/wp-json\/wp\/v2\/tags?post=69113"}],"curies":[{"name":"wp","href":"https:\/\/api.w.org\/{rel}","templated":true}]}}