{"id":69114,"date":"2019-12-02T08:34:48","date_gmt":"2019-12-02T13:34:48","guid":{"rendered":"https:\/\/linitiative.ca\/International\/gendre-de-lancien-president-ben-ali-en-prison-mourad-trabelsi-dans-un-etat-de-sante-stable\/"},"modified":"2019-12-02T08:34:48","modified_gmt":"2019-12-02T13:34:48","slug":"gendre-de-lancien-president-ben-ali-en-prison-mourad-trabelsi-dans-un-etat-de-sante-stable","status":"publish","type":"post","link":"https:\/\/linitiative.ca\/International\/gendre-de-lancien-president-ben-ali-en-prison-mourad-trabelsi-dans-un-etat-de-sante-stable\/","title":{"rendered":"Gendre de l\u2019ancien pr\u00e9sident Ben Ali en prison : Mourad Trabelsi dans un \u00e9tat de sant\u00e9 \u00ab stable \u00bb"},"content":{"rendered":"<p>L\u2019\u00e9tat de sant\u00e9 du prisonnier Mourad Trabelsi, gendre de l\u2019ancien pr\u00e9sident Zine El Abidine Ali, est \u00ab stable \u00bb apr\u00e8s son transfert dans un h\u00f4pital public, apprend l\u2019agence TAP samedi aupr\u00e8s de l\u2019Administration g\u00e9n\u00e9rale des Prisons et de la r\u00e9\u00e9ducation.<\/p>\n<p>Selon le porte-parole de l\u2019administration, Sofiane Mezghich, le prisonnier avait \u00e9t\u00e9 transf\u00e9r\u00e9 le 27 novembre de l\u2019infirmerie de la prison \u00e0 un h\u00f4pital apr\u00e8s s\u2019\u00eatre plaint d\u2019un malaise et qu\u2019il fait l\u2019objet de \u00ab soins m\u00e9dicaux dans cet \u00e9tablissement \u00bb.<\/p>\n<p>\u00ab Le personnel m\u00e9dical de l\u2019h\u00f4pital public dans lequel Trabelsi a \u00e9t\u00e9 transf\u00e9r\u00e9 samedi a assur\u00e9 \u00e0 la Direction g\u00e9n\u00e9rale des prisons et de r\u00e9\u00e9ducation que l\u2019\u00e9tat du prisonnier \u00e9tait stable \u00e0 ce jour \u00bb a ajout\u00e9 le porte-parole.<\/p>\n<p>Il a pr\u00e9cis\u00e9 que Mourad Trabelsi, qui purge une peine de prisons \u00e0 Mornaguia depuis des ann\u00e9es, \u00ab fait l\u2019objet de soins de la part du personnel m\u00e9dical de la prison et souffre de maladies chroniques \u00bb.<\/p>\n<p>Selon des d\u00e9clarations de l\u2019avocat de Trabelsi \u00e0 des m\u00e9dias locaux l\u2019\u00e9tat de son client \u00ab se d\u00e9t\u00e9riorait \u00bb.<\/p>\n<p class=\"dpsp-share-text\">Partager c&rsquo;est aimer!<\/p>\n<div class=\"wp-post-author-wrap wp-post-author-shortcode left\">\n<h3 class=\"awpa-title\"\/>\n<div class=\"wp-post-author\">\n<div class=\"awpa-img awpa-author-block square\"><a href=\"http:\/\/lexpertjournal.net\/fr\/author\/expert\/\"><img loading=\"lazy\" decoding=\"async\" alt=\"\" src=\"http:\/\/0.gravatar.com\/avatar\/c828f0b17d24309f0d01a4eac3747085?s=150&#038;d=mm&#038;r=g\" srcset=\"http:\/\/0.gravatar.com\/avatar\/c828f0b17d24309f0d01a4eac3747085?s=300&#038;d=mm&#038;r=g 2x\" class=\"avatar avatar-150 photo\" height=\"150\" width=\"150\"\/><\/a><\/div>\n<\/div>\n<\/div>\n<p>Auteur: L&rsquo;expert<br \/>\n<a href=\"http:\/\/lexpertjournal.net\/fr\/2019\/12\/02\/gendre-de-lancien-president-ben-ali-en-prison-mourad-trabelsi-dans-un-etat-de-sante-stable\/\">Cliquez ici pour lire l&rsquo;article depuis sa source.<\/a><\/p>\n","protected":false},"excerpt":{"rendered":"<p>L\u2019\u00e9tat de sant\u00e9 du prisonnier Mourad Trabelsi, gendre de l\u2019ancien pr\u00e9sident Zine El Abidine Ali, est \u00ab stable \u00bb apr\u00e8s son transfert dans un h\u00f4pital public, apprend l\u2019agence TAP samedi aupr\u00e8s de l\u2019Administration g\u00e9n\u00e9rale des Prisons et de la r\u00e9\u00e9ducation. Selon le porte-parole de l\u2019administration, Sofiane Mezghich, le prisonnier avait \u00e9t\u00e9 transf\u00e9r\u00e9 le 27 novembre [&hellip;]<\/p>\n","protected":false},"author":1775,"featured_media":0,"comment_status":"closed","ping_status":"closed","sticky":false,"template":"","format":"standard","meta":{"fifu_image_url":"","fifu_image_alt":"","footnotes":""},"categories":[78,55],"tags":[],"class_list":["post-69114","post","type-post","status-publish","format-standard","hentry","category-economie","category-tunisie"],"_links":{"self":[{"href":"https:\/\/linitiative.ca\/International\/wp-json\/wp\/v2\/posts\/69114","targetHints":{"allow":["GET"]}}],"collection":[{"href":"https:\/\/linitiative.ca\/International\/wp-json\/wp\/v2\/posts"}],"about":[{"href":"https:\/\/linitiative.ca\/International\/wp-json\/wp\/v2\/types\/post"}],"author":[{"embeddable":true,"href":"https:\/\/linitiative.ca\/International\/wp-json\/wp\/v2\/users\/1775"}],"replies":[{"embeddable":true,"href":"https:\/\/linitiative.ca\/International\/wp-json\/wp\/v2\/comments?post=69114"}],"version-history":[{"count":0,"href":"https:\/\/linitiative.ca\/International\/wp-json\/wp\/v2\/posts\/69114\/revisions"}],"wp:attachment":[{"href":"https:\/\/linitiative.ca\/International\/wp-json\/wp\/v2\/media?parent=69114"}],"wp:term":[{"taxonomy":"category","embeddable":true,"href":"https:\/\/linitiative.ca\/International\/wp-json\/wp\/v2\/categories?post=69114"},{"taxonomy":"post_tag","embeddable":true,"href":"https:\/\/linitiative.ca\/International\/wp-json\/wp\/v2\/tags?post=69114"}],"curies":[{"name":"wp","href":"https:\/\/api.w.org\/{rel}","templated":true}]}}