{"id":69115,"date":"2019-12-02T08:36:33","date_gmt":"2019-12-02T13:36:33","guid":{"rendered":"https:\/\/linitiative.ca\/International\/accident-du-bus-touristique-a-ain-snoussi-un-bilan-de-26-morts-pour-une-catastrophe-attendue\/"},"modified":"2019-12-02T08:36:33","modified_gmt":"2019-12-02T13:36:33","slug":"accident-du-bus-touristique-a-ain-snoussi-un-bilan-de-26-morts-pour-une-catastrophe-attendue","status":"publish","type":"post","link":"https:\/\/linitiative.ca\/International\/accident-du-bus-touristique-a-ain-snoussi-un-bilan-de-26-morts-pour-une-catastrophe-attendue\/","title":{"rendered":"Accident du bus touristique \u00e0 Ain Snoussi : Un bilan de 26 morts pour une catastrophe attendue"},"content":{"rendered":"<p>Le nombre des victimes de l\u2019accident de Ain Snoussi est port\u00e9 \u00e0 26 morts et 16 bless\u00e9s, selon un nouveau bilan du minist\u00e8re de la sant\u00e9 publique.<\/p>\n<p>Les victimes \u00e9taient \u00e0 bord d\u2019un bus touristique, qui s\u2019est renvers\u00e9 dans l\u2019oued, \u00e0 Ain Snoussi (d\u00e9l\u00e9gation d\u2019Amdoune) apr\u00e8s avoir franchi une barri\u00e8re en fer, d\u2019apr\u00e8s le minist\u00e8re de l\u2019int\u00e9rieur.<\/p>\n<p>L\u2019accident a eu lieu \u00e0 10h55, dans le gouvernorat de B\u00e9ja au niveau de la route entre Amdoun et Ain Drahem.<\/p>\n<p>Auparavant, le porte-parole officiel de la direction de la protection civile Moez Triaa a confirm\u00e9 le d\u00e9c\u00e8s de 22 citoyens tunisiens et des blessures caus\u00e9es \u00e0 20 autres dans le renversement, dimanche, du bus touristique, transportant des jeunes dont l\u2019\u00e2ge varie entre 22 et 30 ans, dans la r\u00e9gion de Snoussi entre Ain Draham (gouvernorat de Jendouba) et Amdoune (Gouvernorat de B\u00e9ja).<\/p>\n<p>Il a expliqu\u00e9 que ce bilan est provisoire et que les bless\u00e9s ont \u00e9t\u00e9 transport\u00e9s vers l\u2019h\u00f4pital r\u00e9gional de B\u00e9ja et l\u2019h\u00f4pital local d\u2019Amdoune pour recevoir les soins n\u00e9cessaires.<\/p>\n<p>Triaa a ajout\u00e9 que le bus touristique transportait ces jeunes dans le cadre d\u2019une activit\u00e9 de loisirs.<\/p>\n<p>Le responsable a ajout\u00e9 que 11 ambulances et v\u00e9hicules de secours de la direction de la protection civile ont \u00e9t\u00e9 d\u00e9p\u00each\u00e9s sur le lieu de l\u2019accident pour secourir les bless\u00e9s, indiquant que le minist\u00e8re de la sant\u00e9 a \u00e9galement envoy\u00e9 une ambulance.<\/p>\n<p>Le minist\u00e8re de l\u2019Int\u00e9rieur a fait savoir, dans un communiqu\u00e9, qu\u2019un accident de la circulation est survenu, dimanche matin, au niveau de la r\u00e9gion \u2018 \u00bbAin Snoussi \u00bb dans la d\u00e9l\u00e9gation de Amdoune (gouvernorat de B\u00e9ja) et a consist\u00e9 en la chute dans l\u2019oued, apr\u00e8s avoir franchi une barri\u00e8re en fer, d\u2019un bus appartenant \u00e0 une agence de voyage priv\u00e9e, \u00e0 bord duquel se trouvaient 43 personnes se rendant dans le cadre d\u2019une visite touristique de loisirs de la capitale vers Ain Draham.<\/p>\n<p>Le communiqu\u00e9 a encore indiqu\u00e9 qu\u2019une cellule de crise a \u00e9t\u00e9 form\u00e9e pour assurer le suivi au niveau des services du minist\u00e8re de l\u2019Int\u00e9rieur.<\/p>\n<p>Le pr\u00e9sident de la R\u00e9publique, Ka\u00efs Sa\u00efed, a fait endosser la responsabilit\u00e9 de l\u2019accident \u00e0 tous ceux qui seraient responsables de l\u2019\u00e9tat d\u00e9plorable de la route reliant les d\u00e9l\u00e9gations d\u2019Amdoune et Ain Draham.<\/p>\n<p>Sa\u00efed qui s\u2019est rendu dimanche apr\u00e8s-midi sur les lieux de l\u2019accident, accompagn\u00e9 du chef du gouvernement, charg\u00e9 de la gestion des affaires courantes, Youssef Chahed, a exprim\u00e9 son inqui\u00e9tude quant \u00e0 la d\u00e9t\u00e9rioration de l\u2019infrastructure dans la r\u00e9gion, affirmant la n\u00e9cessit\u00e9 d\u2019intervenir au niveau de la route concern\u00e9e pour pr\u00e9server la s\u00e9curit\u00e9 de ses usagers.<\/p>\n<p>Le pr\u00e9sident de la R\u00e9publique et le Chef du gouvernement ont par ailleurs, \u00e9cout\u00e9 les t\u00e9moignages d\u2019un nombre d\u2019habitants des villages proches qui ont affirm\u00e9 que \u00bb la route en question a \u00e9t\u00e9 le th\u00e9\u00e2tre de plusieurs accidents mortels, ce qui n\u00e9cessite une intervention urgente et radicale \u00bb.<\/p>\n<p class=\"dpsp-share-text\">Partager c&rsquo;est aimer!<\/p>\n<div class=\"wp-post-author-wrap wp-post-author-shortcode left\">\n<h3 class=\"awpa-title\"\/>\n<div class=\"wp-post-author\">\n<div class=\"awpa-img awpa-author-block square\"><a href=\"http:\/\/lexpertjournal.net\/fr\/author\/expert\/\"><img loading=\"lazy\" decoding=\"async\" alt=\"\" src=\"http:\/\/0.gravatar.com\/avatar\/c828f0b17d24309f0d01a4eac3747085?s=150&#038;d=mm&#038;r=g\" srcset=\"http:\/\/0.gravatar.com\/avatar\/c828f0b17d24309f0d01a4eac3747085?s=300&#038;d=mm&#038;r=g 2x\" class=\"avatar avatar-150 photo\" height=\"150\" width=\"150\"\/><\/a><\/div>\n<\/div>\n<\/div>\n<p>Auteur: L&rsquo;expert<br \/>\n<a href=\"http:\/\/lexpertjournal.net\/fr\/2019\/12\/02\/accident-du-bus-touristique-a-ain-snoussi-un-bilan-de-26-morts-pour-une-catastrophe-attendue\/\">Cliquez ici pour lire l&rsquo;article depuis sa source.<\/a><\/p>\n","protected":false},"excerpt":{"rendered":"<p>Le nombre des victimes de l\u2019accident de Ain Snoussi est port\u00e9 \u00e0 26 morts et 16 bless\u00e9s, selon un nouveau bilan du minist\u00e8re de la sant\u00e9 publique. Les victimes \u00e9taient \u00e0 bord d\u2019un bus touristique, qui s\u2019est renvers\u00e9 dans l\u2019oued, \u00e0 Ain Snoussi (d\u00e9l\u00e9gation d\u2019Amdoune) apr\u00e8s avoir franchi une barri\u00e8re en fer, d\u2019apr\u00e8s le minist\u00e8re [&hellip;]<\/p>\n","protected":false},"author":1775,"featured_media":0,"comment_status":"closed","ping_status":"closed","sticky":false,"template":"","format":"standard","meta":{"fifu_image_url":"","fifu_image_alt":"","footnotes":""},"categories":[78,55],"tags":[],"class_list":["post-69115","post","type-post","status-publish","format-standard","hentry","category-economie","category-tunisie"],"_links":{"self":[{"href":"https:\/\/linitiative.ca\/International\/wp-json\/wp\/v2\/posts\/69115","targetHints":{"allow":["GET"]}}],"collection":[{"href":"https:\/\/linitiative.ca\/International\/wp-json\/wp\/v2\/posts"}],"about":[{"href":"https:\/\/linitiative.ca\/International\/wp-json\/wp\/v2\/types\/post"}],"author":[{"embeddable":true,"href":"https:\/\/linitiative.ca\/International\/wp-json\/wp\/v2\/users\/1775"}],"replies":[{"embeddable":true,"href":"https:\/\/linitiative.ca\/International\/wp-json\/wp\/v2\/comments?post=69115"}],"version-history":[{"count":0,"href":"https:\/\/linitiative.ca\/International\/wp-json\/wp\/v2\/posts\/69115\/revisions"}],"wp:attachment":[{"href":"https:\/\/linitiative.ca\/International\/wp-json\/wp\/v2\/media?parent=69115"}],"wp:term":[{"taxonomy":"category","embeddable":true,"href":"https:\/\/linitiative.ca\/International\/wp-json\/wp\/v2\/categories?post=69115"},{"taxonomy":"post_tag","embeddable":true,"href":"https:\/\/linitiative.ca\/International\/wp-json\/wp\/v2\/tags?post=69115"}],"curies":[{"name":"wp","href":"https:\/\/api.w.org\/{rel}","templated":true}]}}