{"id":69121,"date":"2019-12-02T09:46:00","date_gmt":"2019-12-02T14:46:00","guid":{"rendered":"https:\/\/linitiative.ca\/International\/lex-procureur-de-la-republique-pres-le-tribunal-de-tlemcen-place-en-detention-provisoire\/"},"modified":"2019-12-02T09:46:00","modified_gmt":"2019-12-02T14:46:00","slug":"lex-procureur-de-la-republique-pres-le-tribunal-de-tlemcen-place-en-detention-provisoire","status":"publish","type":"post","link":"https:\/\/linitiative.ca\/International\/lex-procureur-de-la-republique-pres-le-tribunal-de-tlemcen-place-en-detention-provisoire\/","title":{"rendered":"L\u2019ex-procureur de la R\u00e9publique pr\u00e8s le tribunal de Tlemcen plac\u00e9 en d\u00e9tention provisoire"},"content":{"rendered":"<div id=\"originalText\" readability=\"59.073015873\">\n<p>Le juge d\u2019instruction du tribunal d\u2019A\u00efn T\u00e9mouchent a plac\u00e9, dimanche soir, l\u2019ex-procureur de la R\u00e9publique pr\u00e8s le tribunal de Tlemcen en d\u00e9tention provisoire avec la poursuite de l\u2019enqu\u00eate judiciaire dans des affaires portant notamment sur l\u2019abus de pouvoir, a r\u00e9percut\u00e9 ce lundi l\u2019APS.<\/p>\n<p>Le mis en cause est poursuivi dans des affaires portant principalement sur l\u2019abus de pouvoir, entrave au bon fonctionnement de la justice, menace,\u00a0 atteinte \u00e0 la libert\u00e9 individuelle, falsification et insulte d&rsquo;un fonctionnaire dans l&rsquo;exercice de ses fonctions\u00a0\u00bb, souligne-t-on.<\/p>\n<p>Le dossier de l\u2019accus\u00e9 a \u00e9t\u00e9 transf\u00e9r\u00e9 pour poursuite hors territoire de comp\u00e9tence de la cour de Tlemcen vers le tribunal d\u2019A\u00efn T\u00e9mouchent, selon les proc\u00e9dures judiciaire en vigueur, a pr\u00e9cis\u00e9 la m\u00eame source.<\/p>\n<p>Pour rappel, <strong><a href=\"https:\/\/www.liberte-algerie.com\/actualite\/deux-juges-suspendus-et-un-procureur-limoge-321960\" target=\"_blank\" rel=\"noopener noreferrer\"><span class=\"c6\">l\u2019ex-procureur de la R\u00e9publique pr\u00e8s le tribunal de Tlemcen a \u00e9t\u00e9 suspendu de ses fonctions<\/span><\/a><\/strong> en ao\u00fbt dernier sur d\u00e9cision du ministre de la Justice, Garde des sceaux, Belkacem Zeghmati, et conform\u00e9ment aux lois de l\u2019article 26 du statut de la justice, pour \u00ab\u00a0mauvaise utilisation de la fonction et de violation volontaire de proc\u00e9dures judiciaires, o\u00f9 son dossier a \u00e9t\u00e9 renvoy\u00e9 pour enqu\u00eate\u00a0\u00bb.<\/p>\n<p class=\"c7\"><strong>R\u00e9daction Web<\/strong><\/p>\n<\/div>\n<div id=\"text_core\" readability=\"59.073015873\">\n<p>Le juge d\u2019instruction du tribunal d\u2019A\u00efn T\u00e9mouchent a plac\u00e9, dimanche soir, l\u2019ex-procureur de la R\u00e9publique pr\u00e8s le tribunal de Tlemcen en d\u00e9tention provisoire avec la poursuite de l\u2019enqu\u00eate judiciaire dans des affaires portant notamment sur l\u2019abus de pouvoir, a r\u00e9percut\u00e9 ce lundi l\u2019APS.<\/p>\n<p>Le mis en cause est poursuivi dans des affaires portant principalement sur l\u2019abus de pouvoir, entrave au bon fonctionnement de la justice, menace,\u00a0 atteinte \u00e0 la libert\u00e9 individuelle, falsification et insulte d&rsquo;un fonctionnaire dans l&rsquo;exercice de ses fonctions\u00a0\u00bb, souligne-t-on.<\/p>\n<p>Le dossier de l\u2019accus\u00e9 a \u00e9t\u00e9 transf\u00e9r\u00e9 pour poursuite hors territoire de comp\u00e9tence de la cour de Tlemcen vers le tribunal d\u2019A\u00efn T\u00e9mouchent, selon les proc\u00e9dures judiciaire en vigueur, a pr\u00e9cis\u00e9 la m\u00eame source.<\/p>\n<p>Pour rappel, <strong><a href=\"https:\/\/www.liberte-algerie.com\/actualite\/deux-juges-suspendus-et-un-procureur-limoge-321960\" target=\"_blank\" rel=\"noopener noreferrer\"><span class=\"c6\">l\u2019ex-procureur de la R\u00e9publique pr\u00e8s le tribunal de Tlemcen a \u00e9t\u00e9 suspendu de ses fonctions<\/span><\/a><\/strong> en ao\u00fbt dernier sur d\u00e9cision du ministre de la Justice, Garde des sceaux, Belkacem Zeghmati, et conform\u00e9ment aux lois de l\u2019article 26 du statut de la justice, pour \u00ab\u00a0mauvaise utilisation de la fonction et de violation volontaire de proc\u00e9dures judiciaires, o\u00f9 son dossier a \u00e9t\u00e9 renvoy\u00e9 pour enqu\u00eate\u00a0\u00bb.<\/p>\n<p class=\"c7\"><strong>R\u00e9daction Web<\/strong><\/p>\n<\/div>\n<p>Auteur:<br \/>\n<a href=\"https:\/\/www.liberte-algerie.com\/actualite\/lex-procureur-de-la-republique-pres-le-tribunal-de-tlemcen-place-en-detention-provisoire-329290\">Cliquez ici pour lire l&rsquo;article depuis sa source.<\/a><\/p>\n","protected":false},"excerpt":{"rendered":"<p>Le juge d\u2019instruction du tribunal d\u2019A\u00efn T\u00e9mouchent a plac\u00e9, dimanche soir, l\u2019ex-procureur de la R\u00e9publique pr\u00e8s le tribunal de Tlemcen en d\u00e9tention provisoire avec la poursuite de l\u2019enqu\u00eate judiciaire dans des affaires portant notamment sur l\u2019abus de pouvoir, a r\u00e9percut\u00e9 ce lundi l\u2019APS. Le mis en cause est poursuivi dans des affaires portant principalement sur [&hellip;]<\/p>\n","protected":false},"author":1742,"featured_media":0,"comment_status":"closed","ping_status":"closed","sticky":false,"template":"","format":"standard","meta":{"fifu_image_url":"","fifu_image_alt":"","footnotes":""},"categories":[73,53],"tags":[],"class_list":["post-69121","post","type-post","status-publish","format-standard","hentry","category-actualite","category-algerie"],"_links":{"self":[{"href":"https:\/\/linitiative.ca\/International\/wp-json\/wp\/v2\/posts\/69121","targetHints":{"allow":["GET"]}}],"collection":[{"href":"https:\/\/linitiative.ca\/International\/wp-json\/wp\/v2\/posts"}],"about":[{"href":"https:\/\/linitiative.ca\/International\/wp-json\/wp\/v2\/types\/post"}],"author":[{"embeddable":true,"href":"https:\/\/linitiative.ca\/International\/wp-json\/wp\/v2\/users\/1742"}],"replies":[{"embeddable":true,"href":"https:\/\/linitiative.ca\/International\/wp-json\/wp\/v2\/comments?post=69121"}],"version-history":[{"count":0,"href":"https:\/\/linitiative.ca\/International\/wp-json\/wp\/v2\/posts\/69121\/revisions"}],"wp:attachment":[{"href":"https:\/\/linitiative.ca\/International\/wp-json\/wp\/v2\/media?parent=69121"}],"wp:term":[{"taxonomy":"category","embeddable":true,"href":"https:\/\/linitiative.ca\/International\/wp-json\/wp\/v2\/categories?post=69121"},{"taxonomy":"post_tag","embeddable":true,"href":"https:\/\/linitiative.ca\/International\/wp-json\/wp\/v2\/tags?post=69121"}],"curies":[{"name":"wp","href":"https:\/\/api.w.org\/{rel}","templated":true}]}}