{"id":69123,"date":"2019-12-02T03:44:25","date_gmt":"2019-12-02T08:44:25","guid":{"rendered":"https:\/\/linitiative.ca\/International\/match-chabab-benguerir-kacm-actes-de-hooliganisme\/"},"modified":"2019-12-02T03:44:25","modified_gmt":"2019-12-02T08:44:25","slug":"match-chabab-benguerir-kacm-actes-de-hooliganisme","status":"publish","type":"post","link":"https:\/\/linitiative.ca\/International\/match-chabab-benguerir-kacm-actes-de-hooliganisme\/","title":{"rendered":"Match Chabab Bengu\u00e9rir-KACM: Actes de hooliganisme"},"content":{"rendered":"<div readability=\"36\">\n<p>Bengu\u00e9rir (Province de Rhamna) \u2013 Des actes de hooliganisme ont \u00e9t\u00e9 enregistr\u00e9s dimanche en marge du match disput\u00e9 au stade municipale de Bengu\u00e9rir entre Chabab Bengu\u00e9rir et Kawkab Marrakech (KACM) pour le compte de la dixi\u00e8me journ\u00e9e de la Botola Pro D2 de football, ont indiqu\u00e9 les autorit\u00e9s locales de la province de Rhamna.<\/p>\n<\/div>\n<div readability=\"52\">\n<p>Ces actes ont \u00e9t\u00e9 commis par des supporters du club du Kawkab Marrakech qui n\u2019ont pas pu acc\u00e9der au stade, pr\u00e9cise-t-on de m\u00eame source, notant que les forces de l\u2019ordre ont \u00e9t\u00e9 la cible de jets de pierres par ces supporters.<\/p>\n<p>Neuf membres des forces de l\u2019ordre et 10 supporters du KACM ont \u00e9t\u00e9 l\u00e9g\u00e8rement bless\u00e9s dans ces actes de hooliganisme, a-t-on indiqu\u00e9, soulignant que les personnes bless\u00e9es ont \u00e9t\u00e9 transf\u00e9r\u00e9es au Centre hospitalier provincial de Bengu\u00e9rir pour recevoir les soins n\u00e9cessaires.<\/p>\n<p>De l\u00e9gers d\u00e9g\u00e2ts mat\u00e9riels sont \u00e9galement \u00e0 d\u00e9plorer suite \u00e0 ces actes qui ont eu lieu hors du stade , a-t-on relev\u00e9.<\/p>\n<p>Les forces de l\u2019ordre ont veill\u00e9 au bon d\u00e9roulement du match et assur\u00e9 la s\u00e9curit\u00e9 des citoyens et la pr\u00e9servation de leurs biens, apprend-on aupr\u00e8s des autorit\u00e9s locales qui indiquent qu\u2019il a \u00e9t\u00e9 proc\u00e9d\u00e9 \u00e0 l\u2019arrestation de certains auteurs de ces actes de hooliganisme en vue de leur pr\u00e9sentation devant la justice.<\/p>\n<\/div>\n<p>Auteur: Meriem IGASS<br \/>\n<a href=\"http:\/\/www.mapmarrakech.ma\/fr\/match-chabab-benguerir-kacm-actes-de-hooliganisme\/\">Cliquez ici pour lire l&rsquo;article depuis sa source.<\/a><\/p>\n","protected":false},"excerpt":{"rendered":"<p>Bengu\u00e9rir (Province de Rhamna) \u2013 Des actes de hooliganisme ont \u00e9t\u00e9 enregistr\u00e9s dimanche en marge du match disput\u00e9 au stade municipale de Bengu\u00e9rir entre Chabab Bengu\u00e9rir et Kawkab Marrakech (KACM) pour le compte de la dixi\u00e8me journ\u00e9e de la Botola Pro D2 de football, ont indiqu\u00e9 les autorit\u00e9s locales de la province de Rhamna. Ces [&hellip;]<\/p>\n","protected":false},"author":1788,"featured_media":0,"comment_status":"closed","ping_status":"closed","sticky":false,"template":"","format":"standard","meta":{"fifu_image_url":"","fifu_image_alt":"","footnotes":""},"categories":[54,76],"tags":[],"class_list":["post-69123","post","type-post","status-publish","format-standard","hentry","category-maroc","category-regions"],"_links":{"self":[{"href":"https:\/\/linitiative.ca\/International\/wp-json\/wp\/v2\/posts\/69123","targetHints":{"allow":["GET"]}}],"collection":[{"href":"https:\/\/linitiative.ca\/International\/wp-json\/wp\/v2\/posts"}],"about":[{"href":"https:\/\/linitiative.ca\/International\/wp-json\/wp\/v2\/types\/post"}],"author":[{"embeddable":true,"href":"https:\/\/linitiative.ca\/International\/wp-json\/wp\/v2\/users\/1788"}],"replies":[{"embeddable":true,"href":"https:\/\/linitiative.ca\/International\/wp-json\/wp\/v2\/comments?post=69123"}],"version-history":[{"count":0,"href":"https:\/\/linitiative.ca\/International\/wp-json\/wp\/v2\/posts\/69123\/revisions"}],"wp:attachment":[{"href":"https:\/\/linitiative.ca\/International\/wp-json\/wp\/v2\/media?parent=69123"}],"wp:term":[{"taxonomy":"category","embeddable":true,"href":"https:\/\/linitiative.ca\/International\/wp-json\/wp\/v2\/categories?post=69123"},{"taxonomy":"post_tag","embeddable":true,"href":"https:\/\/linitiative.ca\/International\/wp-json\/wp\/v2\/tags?post=69123"}],"curies":[{"name":"wp","href":"https:\/\/api.w.org\/{rel}","templated":true}]}}