{"id":69124,"date":"2019-12-02T06:32:35","date_gmt":"2019-12-02T11:32:35","guid":{"rendered":"https:\/\/linitiative.ca\/International\/appel-a-creer-des-services-dedies-au-marketing-territorial\/"},"modified":"2019-12-02T06:32:35","modified_gmt":"2019-12-02T11:32:35","slug":"appel-a-creer-des-services-dedies-au-marketing-territorial","status":"publish","type":"post","link":"https:\/\/linitiative.ca\/International\/appel-a-creer-des-services-dedies-au-marketing-territorial\/","title":{"rendered":"Appel \u00e0 cr\u00e9er des services d\u00e9di\u00e9s au \u00ab\u00a0marketing territorial\u00a0\u00bb"},"content":{"rendered":"<div readability=\"37\">\n<p>Safi \u2013 Les participants \u00e0 une journ\u00e9e d\u2019\u00e9tude organis\u00e9e samedi, \u00e0 Safi, sous le th\u00e8me \u00ab\u00a0le r\u00f4le du marketing territorial dans le nouveau mod\u00e8le de d\u00e9veloppement\u00a0\u00bb ont appel\u00e9 \u00e0 cr\u00e9er des services (ou des cellules) d\u00e9di\u00e9s au \u00ab\u00a0marketing territorial\u00a0\u00bb au sein des collectivit\u00e9s territoriales (communes urbaines et rurales et r\u00e9gions).<\/p>\n<\/div>\n<div readability=\"93\">\n<p>Dans des recommandations sanctionnant leurs travaux, les participants ont soulign\u00e9 que ces services qui seront g\u00e9r\u00e9s par des cadres dot\u00e9s de comp\u00e9tences av\u00e9r\u00e9es dans le domaine, auront pour mission principale de valoriser les potentialit\u00e9s des territoires afin de drainer les investisseurs nationaux et \u00e9trangers.<\/p>\n<p>Et de recommander aux collectivit\u00e9s territoriales d\u2019adopter une politique de communication efficiente en recourant notamment aux nouvelles technologies d\u2019information et de communication \u00e0 l\u2019\u00e8re de la mondialisation et des d\u00e9fis de la comp\u00e9titivit\u00e9, qui imposent d\u00e9sormais de consentir davantage d\u2019efforts dans la mise en valeur des potentialit\u00e9s des collectivit\u00e9s territoriales.<\/p>\n<p>Les participants ont aussi appel\u00e9 les collectivit\u00e9s territoriales \u00e0 adopter l\u2019approche du \u00ab\u00a0marketing territorial\u00a0\u00bb en tant que m\u00e9canisme efficient susceptible de promouvoir l\u2019\u00e9conomie et r\u00e9aliser le d\u00e9veloppement local escompt\u00e9.<\/p>\n<p>Ils ont \u00e9galement appel\u00e9 les conseils \u00e9lus \u00e0 consentir davantage d\u2019efforts pour faire \u00ab\u00a0le marketing\u00a0\u00bb de leurs r\u00e9gions et communes, notant que le marketing territorial, qui est question int\u00e9ressant \u00e0 la fois les op\u00e9rateurs \u00e9conomiques et les acteurs territoriaux ainsi que les acteurs de la soci\u00e9t\u00e9 civile, constitue une approche moderne pour la mobilisation des ressources territoriales et leur valorisation.<\/p>\n<p>Initi\u00e9e par l\u2019Union marocaine des conseils et associations de la soci\u00e9t\u00e9 civile-section de Safi, avec le soutien de la Province, la commune urbaine et le conseil provincial de Safi, cette journ\u00e9e d\u2019\u00e9tude a connu la participation d\u2019enseignants chercheurs, des pr\u00e9sidents des communes relevant de la province ainsi que des acteurs de la soci\u00e9t\u00e9 civile.<\/p>\n<p>Cette rencontre s\u2019inscrit dans le cadre de la mise en \u0153uvre des Hautes orientations Royales ainsi que les dispositions de la Constitution et des textes r\u00e9glementaires des collectivit\u00e9s territoriales.<\/p>\n<p>Elle se veut une occasion pour traiter la question du mod\u00e8le de d\u00e9veloppement du point de vue du marketing territorial des ressources des collectivit\u00e9s territoriales, dont les potentialit\u00e9s naturelles et patrimoniales afin de contribuer \u00e0 la mise en \u0153uvre de la dynamique de d\u00e9veloppement local durable.<\/p>\n<p>Cette rencontre comprenait une s\u00e9ance scientifique durant laquelle les participants ont d\u00e9battu de th\u00e9matiques se rapportant notamment aux \u00ab\u00a0m\u00e9canismes du marketing \u00a0territorial et les perspectives de d\u00e9veloppement\u00a0\u00bb, \u00ab\u00a0le nouveau mod\u00e8le de d\u00e9veloppement : Compr\u00e9hension et application\u00a0\u00bb, \u00ab\u00a0le nouveau mod\u00e8le de d\u00e9veloppement et les perspectives de son exp\u00e9rimentation dans l\u2019espace de la r\u00e9gion Marrakech-Safi\u00a0\u00bb, \u00ab\u00a0l\u2019\u00e9conomie solidaire et sociale et le d\u00e9veloppement en relation avec le marketing territorial\u00a0\u00bb.<\/p>\n<p>La session sectorielle a trait\u00e9 de th\u00e9matiques se rapportant \u00e0 \u00ab\u00a0la strat\u00e9gie agricole et sa relation avec le marketing territorial\u00a0\u00bb (secteur agricole), \u00ab\u00a0la strat\u00e9gie Halieutis et sa relation avec le marketing territorial\u00a0\u00bb (secteur de la p\u00eache maritime), \u00ab\u00a0les programmes de d\u00e9veloppement dans le secteur de l\u2019artisanat\u00a0\u00bb et \u00ab\u00a0l\u2019histoire de la province de Safi et sa relation avec le marketing territorial\u00a0\u00bb (secteur de la culture).<\/p>\n<p>La rencontre comportait aussi une session d\u00e9di\u00e9e aux investisseurs (les perspectives et entraves de l\u2019investissement dans la province) ainsi qu\u2019une session des acteurs territoriaux sous le th\u00e8me \u00ab\u00a0la dynamique spatiale et les enjeux des acteurs dans le domaine du marketing territorial\u00a0\u00bb.<\/p>\n<\/div>\n<p>Auteur: Meriem IGASS<br \/>\n<a href=\"http:\/\/www.mapmarrakech.ma\/fr\/marketing-2\/\">Cliquez ici pour lire l&rsquo;article depuis sa source.<\/a><\/p>\n","protected":false},"excerpt":{"rendered":"<p>Safi \u2013 Les participants \u00e0 une journ\u00e9e d\u2019\u00e9tude organis\u00e9e samedi, \u00e0 Safi, sous le th\u00e8me \u00ab\u00a0le r\u00f4le du marketing territorial dans le nouveau mod\u00e8le de d\u00e9veloppement\u00a0\u00bb ont appel\u00e9 \u00e0 cr\u00e9er des services (ou des cellules) d\u00e9di\u00e9s au \u00ab\u00a0marketing territorial\u00a0\u00bb au sein des collectivit\u00e9s territoriales (communes urbaines et rurales et r\u00e9gions). Dans des recommandations sanctionnant leurs [&hellip;]<\/p>\n","protected":false},"author":1788,"featured_media":0,"comment_status":"closed","ping_status":"closed","sticky":false,"template":"","format":"standard","meta":{"fifu_image_url":"","fifu_image_alt":"","footnotes":""},"categories":[54,76],"tags":[],"class_list":["post-69124","post","type-post","status-publish","format-standard","hentry","category-maroc","category-regions"],"_links":{"self":[{"href":"https:\/\/linitiative.ca\/International\/wp-json\/wp\/v2\/posts\/69124","targetHints":{"allow":["GET"]}}],"collection":[{"href":"https:\/\/linitiative.ca\/International\/wp-json\/wp\/v2\/posts"}],"about":[{"href":"https:\/\/linitiative.ca\/International\/wp-json\/wp\/v2\/types\/post"}],"author":[{"embeddable":true,"href":"https:\/\/linitiative.ca\/International\/wp-json\/wp\/v2\/users\/1788"}],"replies":[{"embeddable":true,"href":"https:\/\/linitiative.ca\/International\/wp-json\/wp\/v2\/comments?post=69124"}],"version-history":[{"count":0,"href":"https:\/\/linitiative.ca\/International\/wp-json\/wp\/v2\/posts\/69124\/revisions"}],"wp:attachment":[{"href":"https:\/\/linitiative.ca\/International\/wp-json\/wp\/v2\/media?parent=69124"}],"wp:term":[{"taxonomy":"category","embeddable":true,"href":"https:\/\/linitiative.ca\/International\/wp-json\/wp\/v2\/categories?post=69124"},{"taxonomy":"post_tag","embeddable":true,"href":"https:\/\/linitiative.ca\/International\/wp-json\/wp\/v2\/tags?post=69124"}],"curies":[{"name":"wp","href":"https:\/\/api.w.org\/{rel}","templated":true}]}}