{"id":69128,"date":"2019-12-02T05:11:30","date_gmt":"2019-12-02T10:11:30","guid":{"rendered":"https:\/\/linitiative.ca\/International\/el-oued-une-soixantaine-dexposants-au-4e-salon-national-de-l-agro-souf\/"},"modified":"2019-12-02T05:11:30","modified_gmt":"2019-12-02T10:11:30","slug":"el-oued-une-soixantaine-dexposants-au-4e-salon-national-de-l-agro-souf","status":"publish","type":"post","link":"https:\/\/linitiative.ca\/International\/el-oued-une-soixantaine-dexposants-au-4e-salon-national-de-l-agro-souf\/","title":{"rendered":"El-Oued : une soixantaine d\u2019exposants au 4\u00e8 Salon national de l\u2019 Agro-Souf"},"content":{"rendered":"<div readability=\"34\">\n<p><strong>EL-OUED- Une soixantaine d\u2019exposants prennent part \u00e0 la 4\u00e8me \u00e9dition du Salon national de l\u2019agriculture saharienne \u00ab\u00a0Agro-Souf\u00a0\u00bb, ouvert lundi \u00e0 la salle omnisports \u00ab\u00a0Messaoud Laib\u00a0\u00bb \u00e0 El-Oued.<\/strong><\/p>\n<\/div>\n<div readability=\"91\">\n<p>Les exposants, repr\u00e9sentant des entreprises nationales, publiques et priv\u00e9es, ont \u00e9t\u00e9 choisis pour leur r\u00f4le dans l\u2019accompagnement de l\u2019activit\u00e9 agricole en vue d\u2019am\u00e9liorer la qualit\u00e9 et les rendements agricoles, et atteindre un niveau de r\u00e9alisation de produits exportables, a indiqu\u00e9 \u00e0 l\u2019APS, le directeur g\u00e9n\u00e9ral de la soci\u00e9t\u00e9 production El-Fahd-Expo (coorganisatrice).<\/p>\n<p>Un int\u00e9r\u00eat particulier a \u00e9t\u00e9 ainsi accord\u00e9 aux activit\u00e9s de production et de distribution de produits phytosanitaires, de semences et d\u2019intrants agricoles, en plus de compagnies d\u2019assurances, qui repr\u00e9sentent \u00e0 ellesseules quelque 80% de la participation au salon, a ajout\u00e9 Fay\u00e7al Houamdi.<\/p>\n<p>Des instances administratives et des institutions publiques activant dans le domaine de l\u2019exportation de produits agricoles, dont des banques et des entreprises de fret et de transport de marchandises, sont \u00e9galementpr\u00e9sentes \u00e0 ce rendez-vous \u00e9conomique, afin de rechercher les voies et moyens d\u2019aller vers l\u2019exportation de produits agricoles dans les r\u00e9gions sahariennes, et de permettre aux entreprises de gagner de l\u2019exp\u00e9rience dans le domaine de l\u2019export.<\/p>\n<p>Parmi les autres objectifs de ce Salon de quatre jours (2-5 d\u00e9cembre), la valorisation des potentialit\u00e9s naturelles que rec\u00e8lent les terres agricoles du Sud, la vulgarisation des m\u00e9canismes d\u2019accompagnement de l\u2019agriculteur, ainsi que l\u2019encouragement de l\u2019investissement agricole, afin d\u2019accro\u00eetre les superficies agricoles irrigu\u00e9es et de cr\u00e9er des ressources \u00e9conomiques hors hydrocarbures, \u00e0 travers une production agricole exportable, soulignent les organisateurs.<\/p>\n<p>Au volet acad\u00e9mique, des communications-d\u00e9bat seront pr\u00e9sent\u00e9es par des sp\u00e9cialistes d\u2019entreprises participantes, notamment sur l\u2019exploitation rationnelle des intrants agricoles et des semences, le respect des cycles d\u2019ensemencement et de traitement, le traitement des eaux d\u2019irrigation, et d\u2019autres axes li\u00e9s aux pr\u00e9occupations des agriculteurs et visant l\u2019am\u00e9lioration de la qualit\u00e9 et des rendements agricoles.<\/p>\n<p>Des ateliers de formation sont aussi pr\u00e9vus \u00e0 l\u2019endroit des agriculteurs sur l\u2019utilisation rationnelle des intrants agricoles, l\u2019escalade de palmiers, l\u2019aspersion et les modes de traitement phytosanitaire ainsi que la gestion d\u2019une exploitation pilote.<\/p>\n<p>Ce 4\u00e8me Salon national de l\u2019agriculture saharienne \u00ab\u00a0Agro-Souf\u00a0\u00bb est organis\u00e9 par la soci\u00e9t\u00e9 El-Fahd-Expo, en coordination avec la Direction des Services agricoles et de la Chambre de l\u2019Agriculture d\u2019El-Oued.<\/p>\n<\/div>\n<p>Auteur:<br \/>\n<a href=\"http:\/\/www.aps.dz\/regions\/98331-el-oued-une-soixantaine-d-exposants-au-4e-salon-national-de-l-agro-souf\">Cliquez ici pour lire l&rsquo;article depuis sa source.<\/a><\/p>\n","protected":false},"excerpt":{"rendered":"<p>EL-OUED- Une soixantaine d\u2019exposants prennent part \u00e0 la 4\u00e8me \u00e9dition du Salon national de l\u2019agriculture saharienne \u00ab\u00a0Agro-Souf\u00a0\u00bb, ouvert lundi \u00e0 la salle omnisports \u00ab\u00a0Messaoud Laib\u00a0\u00bb \u00e0 El-Oued. Les exposants, repr\u00e9sentant des entreprises nationales, publiques et priv\u00e9es, ont \u00e9t\u00e9 choisis pour leur r\u00f4le dans l\u2019accompagnement de l\u2019activit\u00e9 agricole en vue d\u2019am\u00e9liorer la qualit\u00e9 et les rendements [&hellip;]<\/p>\n","protected":false},"author":1790,"featured_media":0,"comment_status":"closed","ping_status":"closed","sticky":false,"template":"","format":"standard","meta":{"fifu_image_url":"","fifu_image_alt":"","footnotes":""},"categories":[53,76],"tags":[],"class_list":["post-69128","post","type-post","status-publish","format-standard","hentry","category-algerie","category-regions"],"_links":{"self":[{"href":"https:\/\/linitiative.ca\/International\/wp-json\/wp\/v2\/posts\/69128","targetHints":{"allow":["GET"]}}],"collection":[{"href":"https:\/\/linitiative.ca\/International\/wp-json\/wp\/v2\/posts"}],"about":[{"href":"https:\/\/linitiative.ca\/International\/wp-json\/wp\/v2\/types\/post"}],"author":[{"embeddable":true,"href":"https:\/\/linitiative.ca\/International\/wp-json\/wp\/v2\/users\/1790"}],"replies":[{"embeddable":true,"href":"https:\/\/linitiative.ca\/International\/wp-json\/wp\/v2\/comments?post=69128"}],"version-history":[{"count":0,"href":"https:\/\/linitiative.ca\/International\/wp-json\/wp\/v2\/posts\/69128\/revisions"}],"wp:attachment":[{"href":"https:\/\/linitiative.ca\/International\/wp-json\/wp\/v2\/media?parent=69128"}],"wp:term":[{"taxonomy":"category","embeddable":true,"href":"https:\/\/linitiative.ca\/International\/wp-json\/wp\/v2\/categories?post=69128"},{"taxonomy":"post_tag","embeddable":true,"href":"https:\/\/linitiative.ca\/International\/wp-json\/wp\/v2\/tags?post=69128"}],"curies":[{"name":"wp","href":"https:\/\/api.w.org\/{rel}","templated":true}]}}