{"id":69129,"date":"2019-12-02T11:51:40","date_gmt":"2019-12-02T16:51:40","guid":{"rendered":"https:\/\/linitiative.ca\/International\/bechar-une-dizaine-dentreprises-au-salon-regional-de-la-petite-entreprise\/"},"modified":"2019-12-02T11:51:40","modified_gmt":"2019-12-02T16:51:40","slug":"bechar-une-dizaine-dentreprises-au-salon-regional-de-la-petite-entreprise","status":"publish","type":"post","link":"https:\/\/linitiative.ca\/International\/bechar-une-dizaine-dentreprises-au-salon-regional-de-la-petite-entreprise\/","title":{"rendered":"Bechar: une dizaine d\u2019entreprises au Salon r\u00e9gional de la petite entreprise"},"content":{"rendered":"<p><span class=\"sp-nh-title\">Le MAE bat en br\u00e8che les informations sur le pr\u00e9tendu avertissement lanc\u00e9 par l&rsquo;Alg\u00e9rie \u00e0 la Minurso<\/span> &#8211; <span class=\"sp-nh-date\">lundi 2 d\u00e9cembre 2019 20:00<\/span><\/p>\n<p><span class=\"sp-nh-title\">16\u00e8me jour de campagne: les candidats poursuivent la pr\u00e9sentation de leurs visions sur les r\u00e9formes \u00e0 engager<\/span> &#8211; <span class=\"sp-nh-date\">lundi 2 d\u00e9cembre 2019 19:52<\/span><\/p>\n<p><span class=\"sp-nh-title\">Economie circulaire: les laboratoires de la Formation professionnelle ouverts pour perfectionner le savoir-faire des jeunes<\/span> &#8211; <span class=\"sp-nh-date\">lundi 2 d\u00e9cembre 2019 19:44<\/span><\/p>\n<p><span class=\"sp-nh-title\">Bensalah met fin aux fonctions du SG du minist\u00e8re de l&rsquo;Enseignement sup\u00e9rieur<\/span> &#8211; <span class=\"sp-nh-date\">lundi 2 d\u00e9cembre 2019 19:39<\/span><\/p>\n<p><span class=\"sp-nh-title\">Les pouvoirs publics d\u00e9termin\u00e9s \u00e0 \u00e9largir la participation des handicap\u00e9s au processus de d\u00e9veloppement \u00e0 l&rsquo;horizon 2030<\/span> &#8211; <span class=\"sp-nh-date\">lundi 2 d\u00e9cembre 2019 19:38<\/span><\/p>\n<p><span class=\"sp-nh-title\">Economie verte: 17 projets innovants dans le domaine de la protection de l&rsquo;environnement et du recyclage des d\u00e9chets<\/span> &#8211; <span class=\"sp-nh-date\">lundi 2 d\u00e9cembre 2019 19:30<\/span><\/p>\n<p><span class=\"sp-nh-title\">Investir dans la ressource humaine pour la cons\u00e9cration de la s\u00e9curit\u00e9 alimentaire<\/span> &#8211; <span class=\"sp-nh-date\">lundi 2 d\u00e9cembre 2019 18:40<\/span><\/p>\n<p><span class=\"sp-nh-title\">Pr\u00e9sidentielle: la participation massive sera un nouveau revers pour les ennemis de la nation<\/span> &#8211; <span class=\"sp-nh-date\">lundi 2 d\u00e9cembre 2019 18:37<\/span><\/p>\n<p><span class=\"sp-nh-title\">Bengrina : le proc\u00e8s public des impliqu\u00e9s dans la corruption, une le\u00e7on pour toute personne appel\u00e9e \u00e0 assumer une responsabilit\u00e9<\/span> &#8211; <span class=\"sp-nh-date\">lundi 2 d\u00e9cembre 2019 18:30<\/span><\/p>\n<p><span class=\"sp-nh-title\">Mihoubi s\u2019engage \u00e0 la r\u00e9vision de la Loi sur les biens domaniaux et les surfaces de pacquage<\/span> &#8211; <span class=\"sp-nh-date\">lundi 2 d\u00e9cembre 2019 18:19<\/span><\/p>\n<p><span class=\"sp-nh-title\">Afrique: Un effort concert\u00e9 pour renforcer la gouvernance des ressources naturelles<\/span> &#8211; <span class=\"sp-nh-date\">lundi 2 d\u00e9cembre 2019 18:16<\/span><\/p>\n<p><span class=\"sp-nh-title\">Pr\u00e9sidentielle : le d\u00e9bat t\u00e9l\u00e9vis\u00e9 entre les cinq candidats en lice aura lieu vendredi prochain<\/span> &#8211; <span class=\"sp-nh-date\">lundi 2 d\u00e9cembre 2019 18:06<\/span><\/p>\n<p><span class=\"sp-nh-title\">Bechar: une dizaine d\u2019entreprises au Salon r\u00e9gional de la petite entreprise<\/span> &#8211; <span class=\"sp-nh-date\">lundi 2 d\u00e9cembre 2019 17:51<\/span><\/p>\n<p><span class=\"sp-nh-title\">Championnat arabe des jeux d\u2019\u00e9checs individuels : l\u2019Alg\u00e9rie d\u00e9croche deux titres<\/span> &#8211; <span class=\"sp-nh-date\">lundi 2 d\u00e9cembre 2019 17:48<\/span><\/p>\n<p><span class=\"sp-nh-title\">Protection civile: mise en place \u00e0 partir de 2020 d\u2019un r\u00e9seau national de collecte et d\u2019analyse des statistiques<\/span> &#8211; <span class=\"sp-nh-date\">lundi 2 d\u00e9cembre 2019 17:44<\/span><\/p>\n<p><span class=\"sp-nh-title\">Championnats arabes de Cyclisme: l&rsquo;Alg\u00e9rie provisoirement en t\u00eate, avec 3 or et 1 argent<\/span> &#8211; <span class=\"sp-nh-date\">lundi 2 d\u00e9cembre 2019 17:27<\/span><\/p>\n<p><span class=\"sp-nh-title\">Zerouati repr\u00e9sente l&rsquo;Alg\u00e9rie au Sommet mondial sur le climat en Espagne<\/span> &#8211; <span class=\"sp-nh-date\">lundi 2 d\u00e9cembre 2019 17:22<\/span><\/p>\n<p><span class=\"sp-nh-title\">Tebboune s&rsquo;engage depuis S\u00e9tif \u00e0 d\u00e9velopper l&rsquo;agriculture et l&rsquo;\u00e9conomie du savoir<\/span> &#8211; <span class=\"sp-nh-date\">lundi 2 d\u00e9cembre 2019 17:20<\/span><\/p>\n<p><span class=\"sp-nh-title\">Climat : le commissaire aux \u00e9nergies renouvelables prend part, \u00e0 Madrid, \u00e0 la COP25<\/span> &#8211; <span class=\"sp-nh-date\">lundi 2 d\u00e9cembre 2019 17:03<\/span><\/p>\n<p><span class=\"sp-nh-title\">Benflis plaide pour un discours politique sinc\u00e8re<\/span> &#8211; <span class=\"sp-nh-date\">lundi 2 d\u00e9cembre 2019 16:52<\/span><\/p>\n<p>Auteur:<br \/>\n<a href=\"http:\/\/www.aps.dz\/regions\/98359-bechar-une-dizaine-d-entreprises-au-salon-regional-de-la-petite-entreprise\">Cliquez ici pour lire l&rsquo;article depuis sa source.<\/a><\/p>\n","protected":false},"excerpt":{"rendered":"<p>Le MAE bat en br\u00e8che les informations sur le pr\u00e9tendu avertissement lanc\u00e9 par l&rsquo;Alg\u00e9rie \u00e0 la Minurso &#8211; lundi 2 d\u00e9cembre 2019 20:00 16\u00e8me jour de campagne: les candidats poursuivent la pr\u00e9sentation de leurs visions sur les r\u00e9formes \u00e0 engager &#8211; lundi 2 d\u00e9cembre 2019 19:52 Economie circulaire: les laboratoires de la Formation professionnelle ouverts [&hellip;]<\/p>\n","protected":false},"author":1790,"featured_media":0,"comment_status":"closed","ping_status":"closed","sticky":false,"template":"","format":"standard","meta":{"fifu_image_url":"","fifu_image_alt":"","footnotes":""},"categories":[53,76],"tags":[],"class_list":["post-69129","post","type-post","status-publish","format-standard","hentry","category-algerie","category-regions"],"_links":{"self":[{"href":"https:\/\/linitiative.ca\/International\/wp-json\/wp\/v2\/posts\/69129","targetHints":{"allow":["GET"]}}],"collection":[{"href":"https:\/\/linitiative.ca\/International\/wp-json\/wp\/v2\/posts"}],"about":[{"href":"https:\/\/linitiative.ca\/International\/wp-json\/wp\/v2\/types\/post"}],"author":[{"embeddable":true,"href":"https:\/\/linitiative.ca\/International\/wp-json\/wp\/v2\/users\/1790"}],"replies":[{"embeddable":true,"href":"https:\/\/linitiative.ca\/International\/wp-json\/wp\/v2\/comments?post=69129"}],"version-history":[{"count":0,"href":"https:\/\/linitiative.ca\/International\/wp-json\/wp\/v2\/posts\/69129\/revisions"}],"wp:attachment":[{"href":"https:\/\/linitiative.ca\/International\/wp-json\/wp\/v2\/media?parent=69129"}],"wp:term":[{"taxonomy":"category","embeddable":true,"href":"https:\/\/linitiative.ca\/International\/wp-json\/wp\/v2\/categories?post=69129"},{"taxonomy":"post_tag","embeddable":true,"href":"https:\/\/linitiative.ca\/International\/wp-json\/wp\/v2\/tags?post=69129"}],"curies":[{"name":"wp","href":"https:\/\/api.w.org\/{rel}","templated":true}]}}