{"id":69130,"date":"2019-12-01T15:31:44","date_gmt":"2019-12-01T20:31:44","guid":{"rendered":"https:\/\/linitiative.ca\/International\/coupe-de-la-caf-la-renaissance-de-berkane-domine-le-fc-esae\/"},"modified":"2019-12-01T15:31:44","modified_gmt":"2019-12-01T20:31:44","slug":"coupe-de-la-caf-la-renaissance-de-berkane-domine-le-fc-esae","status":"publish","type":"post","link":"https:\/\/linitiative.ca\/International\/coupe-de-la-caf-la-renaissance-de-berkane-domine-le-fc-esae\/","title":{"rendered":"Coupe de la CAF: La Renaissance de Berkane domine le FC ESAE"},"content":{"rendered":"<div class=\"single-featured\"><img alt=\"\" data-src=\"http:\/\/www.mapoujda.ma\/map\/uploads\/2019\/12\/RSB-face-au-Zamalek-M750\u00d7430-MAP-Archive.jpg\"\/><\/div>\n<div class=\"entry-content clearfix single-post-content\" readability=\"56\">\n<p class=\"c4\">La Renaissance de Berkane a domin\u00e9 \u00e0 domicile le club b\u00e9ninois du FC ESAE (3-0), au terme d\u2019un match comptant pour la premi\u00e8re journ\u00e9e du Groupe C de la Coupe de la Conf\u00e9d\u00e9ration africaine de football (CAF), disput\u00e9 dimanche au stade municipal de Berkane.<\/p>\n<p class=\"c4\">Les hommes de Tarik Sektioui ont pris les devants \u00e0 la 26\u00e8 minute gr\u00e2ce \u00e0 un but de Zaid Krouch tr\u00e8s bien servi par le Burkinab\u00e9 Issoufou Dayo. Quelques minutes plus tard, les Berkanis ont doubl\u00e9 la mise gr\u00e2ce \u00e0 Hamdi Laachir (32\u00e8).<\/p>\n<p class=\"c4\">En seconde p\u00e9riode, les Berkanis ont aggrav\u00e9 le score par le biais de Djibril Ouattara qui a inscrit le troisi\u00e8me but du club marocain (86\u00e8).<\/p>\n<p class=\"c4\">Au terme de cette premi\u00e8re journ\u00e9e, la Renaissance de Berkane est leader du groupe C avec trois points, suivi du club zambien de Zanaco et le club congolais DC Motema Pembe qui se sont neutralis\u00e9s plus t\u00f4t dans la journ\u00e9e (1-1). Pour sa part le FC ESAE est lanterne rouge apr\u00e8s cette d\u00e9faite avec z\u00e9ro point.<\/p>\n<p class=\"c4\">Lors de la deuxi\u00e8me journ\u00e9e qui se disputera dimanche prochain, le club de Berkane sera en d\u00e9placement en Zambie pour croiser le fer avec le club de Zanaco.<\/p>\n<\/div>\n<p>Auteur: Soufiane ELAHMAR<br \/>\n<a href=\"http:\/\/www.mapoujda.ma\/fr\/coupe-de-la-caf-la-renaissance-de-berkane-domine-le-fc-esae\/\">Cliquez ici pour lire l&rsquo;article depuis sa source.<\/a><\/p>\n","protected":false},"excerpt":{"rendered":"<p>La Renaissance de Berkane a domin\u00e9 \u00e0 domicile le club b\u00e9ninois du FC ESAE (3-0), au terme d\u2019un match comptant pour la premi\u00e8re journ\u00e9e du Groupe C de la Coupe de la Conf\u00e9d\u00e9ration africaine de football (CAF), disput\u00e9 dimanche au stade municipal de Berkane. Les hommes de Tarik Sektioui ont pris les devants \u00e0 la [&hellip;]<\/p>\n","protected":false},"author":1788,"featured_media":69131,"comment_status":"closed","ping_status":"closed","sticky":false,"template":"","format":"standard","meta":{"fifu_image_url":"","fifu_image_alt":"","footnotes":""},"categories":[54,76],"tags":[],"class_list":["post-69130","post","type-post","status-publish","format-standard","has-post-thumbnail","hentry","category-maroc","category-regions"],"_links":{"self":[{"href":"https:\/\/linitiative.ca\/International\/wp-json\/wp\/v2\/posts\/69130","targetHints":{"allow":["GET"]}}],"collection":[{"href":"https:\/\/linitiative.ca\/International\/wp-json\/wp\/v2\/posts"}],"about":[{"href":"https:\/\/linitiative.ca\/International\/wp-json\/wp\/v2\/types\/post"}],"author":[{"embeddable":true,"href":"https:\/\/linitiative.ca\/International\/wp-json\/wp\/v2\/users\/1788"}],"replies":[{"embeddable":true,"href":"https:\/\/linitiative.ca\/International\/wp-json\/wp\/v2\/comments?post=69130"}],"version-history":[{"count":0,"href":"https:\/\/linitiative.ca\/International\/wp-json\/wp\/v2\/posts\/69130\/revisions"}],"wp:featuredmedia":[{"embeddable":true,"href":"https:\/\/linitiative.ca\/International\/wp-json\/"}],"wp:attachment":[{"href":"https:\/\/linitiative.ca\/International\/wp-json\/wp\/v2\/media?parent=69130"}],"wp:term":[{"taxonomy":"category","embeddable":true,"href":"https:\/\/linitiative.ca\/International\/wp-json\/wp\/v2\/categories?post=69130"},{"taxonomy":"post_tag","embeddable":true,"href":"https:\/\/linitiative.ca\/International\/wp-json\/wp\/v2\/tags?post=69130"}],"curies":[{"name":"wp","href":"https:\/\/api.w.org\/{rel}","templated":true}]}}