{"id":69132,"date":"2019-12-02T08:59:32","date_gmt":"2019-12-02T13:59:32","guid":{"rendered":"https:\/\/linitiative.ca\/International\/aeroport-doujda-plus-de-614-000-passagers-a-fin-octobre\/"},"modified":"2019-12-02T08:59:32","modified_gmt":"2019-12-02T13:59:32","slug":"aeroport-doujda-plus-de-614-000-passagers-a-fin-octobre","status":"publish","type":"post","link":"https:\/\/linitiative.ca\/International\/aeroport-doujda-plus-de-614-000-passagers-a-fin-octobre\/","title":{"rendered":"A\u00e9roport d\u2019Oujda: Plus de 614.000 passagers \u00e0 fin octobre"},"content":{"rendered":"<p class=\"c4\">Plus de 614.000 passagers ont \u00e9t\u00e9 enregistr\u00e9s au niveau de l\u2019a\u00e9roport\u00a0Oujda-Angad durant les dix premiers mois de cette ann\u00e9e, selon un rapport de l\u2019Office national des a\u00e9roports (ONDA).<\/p>\n<p class=\"c4\">Les passagers ayant transit\u00e9 via cet a\u00e9roport \u00e0 fin octobre 2019 sont au nombre de 614.413 contre 594.475 durant la m\u00eame p\u00e9riode une ann\u00e9e auparavant, soit une \u00e9volution de 3,35 %, pr\u00e9cise-t-on.<\/p>\n<p class=\"c4\">Ce r\u00e9sultat qui repr\u00e9sente 2,92% du volume du trafic a\u00e9rien au niveau des diff\u00e9rents a\u00e9roports du Royaume, place cet a\u00e9roport \u00e0 la 8\u00e8me place \u00e0 l\u2019\u00e9chelon national et \u00e0 la deuxi\u00e8me place sur le plan r\u00e9gional derri\u00e8re l\u2019a\u00e9roport Nador-Al Aroui (7\u00e8 place avec 658.728 passagers \u00e0 fin octobre).<\/p>\n<p class=\"c4\">Pour ce qui est des r\u00e9sultats du seul mois d\u2019octobre dernier, la m\u00eame source fait savoir que le nombre de passagers enregistr\u00e9s au niveau de l\u2019a\u00e9roport d\u2019Oujda\u00a0s\u2019est chiffr\u00e9 \u00e0 52.625 voyageurs contre 53.802 passagers durant le m\u00eame mois de l\u2019ann\u00e9e \u00e9coul\u00e9e, soit une baisse de 2,19 % et une part de 2,44 %.<\/p>\n<p class=\"c4\">L\u2019a\u00e9roport\u00a0Oujda-Angad est li\u00e9 \u00e0 plusieurs a\u00e9roports europ\u00e9ens, notamment de France (Paris, Marseille, Beauvais et Strasbourg), de Belgique (Bruxelles, Charleroi), d\u2019Allemagne (D\u00fcsseldorf) et des Pays-Bas (Amsterdam).<\/p>\n<p class=\"c4\">Le nombre des passagers ayant transit\u00e9 via l\u2019a\u00e9roport\u00a0Oujda-Angad en 2018 a atteint 675.917, contre 635.746 voyageurs en 2017, soit une progression de 6,32%.<\/p>\n<p>Auteur: Soufiane ELAHMAR<br \/>\n<a href=\"http:\/\/www.mapoujda.ma\/fr\/aeroport-doujda-plus-de-614-000-passagers-a-fin-octobre\/\">Cliquez ici pour lire l&rsquo;article depuis sa source.<\/a><\/p>\n","protected":false},"excerpt":{"rendered":"<p>Plus de 614.000 passagers ont \u00e9t\u00e9 enregistr\u00e9s au niveau de l\u2019a\u00e9roport\u00a0Oujda-Angad durant les dix premiers mois de cette ann\u00e9e, selon un rapport de l\u2019Office national des a\u00e9roports (ONDA). Les passagers ayant transit\u00e9 via cet a\u00e9roport \u00e0 fin octobre 2019 sont au nombre de 614.413 contre 594.475 durant la m\u00eame p\u00e9riode une ann\u00e9e auparavant, soit une [&hellip;]<\/p>\n","protected":false},"author":1788,"featured_media":0,"comment_status":"closed","ping_status":"closed","sticky":false,"template":"","format":"standard","meta":{"fifu_image_url":"","fifu_image_alt":"","footnotes":""},"categories":[54,76],"tags":[],"class_list":["post-69132","post","type-post","status-publish","format-standard","hentry","category-maroc","category-regions"],"_links":{"self":[{"href":"https:\/\/linitiative.ca\/International\/wp-json\/wp\/v2\/posts\/69132","targetHints":{"allow":["GET"]}}],"collection":[{"href":"https:\/\/linitiative.ca\/International\/wp-json\/wp\/v2\/posts"}],"about":[{"href":"https:\/\/linitiative.ca\/International\/wp-json\/wp\/v2\/types\/post"}],"author":[{"embeddable":true,"href":"https:\/\/linitiative.ca\/International\/wp-json\/wp\/v2\/users\/1788"}],"replies":[{"embeddable":true,"href":"https:\/\/linitiative.ca\/International\/wp-json\/wp\/v2\/comments?post=69132"}],"version-history":[{"count":0,"href":"https:\/\/linitiative.ca\/International\/wp-json\/wp\/v2\/posts\/69132\/revisions"}],"wp:attachment":[{"href":"https:\/\/linitiative.ca\/International\/wp-json\/wp\/v2\/media?parent=69132"}],"wp:term":[{"taxonomy":"category","embeddable":true,"href":"https:\/\/linitiative.ca\/International\/wp-json\/wp\/v2\/categories?post=69132"},{"taxonomy":"post_tag","embeddable":true,"href":"https:\/\/linitiative.ca\/International\/wp-json\/wp\/v2\/tags?post=69132"}],"curies":[{"name":"wp","href":"https:\/\/api.w.org\/{rel}","templated":true}]}}