{"id":69137,"date":"2019-12-02T05:30:00","date_gmt":"2019-12-02T10:30:00","guid":{"rendered":"https:\/\/linitiative.ca\/International\/prete-moi-ton-reve-lescale-dakaroise\/"},"modified":"2019-12-02T05:30:00","modified_gmt":"2019-12-02T10:30:00","slug":"prete-moi-ton-reve-lescale-dakaroise","status":"publish","type":"post","link":"https:\/\/linitiative.ca\/International\/prete-moi-ton-reve-lescale-dakaroise\/","title":{"rendered":"\u00abPr\u00eate-moi ton r\u00eave\u00bb, l\u2019escale dakaroise"},"content":{"rendered":"<div readability=\"36\">\n<p>Exposition itin\u00e9rante \u00e0 travers 6 villes d\u2019Afrique<\/p>\n<p>28 artistes, 50 oeuvres, 15 pays<\/p>\n<\/div>\n<div readability=\"100\">\n<div class=\"dnd-atom-wrapper type-image context-sdl_editor_representation atom-align-right\" contenteditable=\"false\">\n<div class=\"dnd-drop-wrapper image\"><img loading=\"lazy\" decoding=\"async\" typeof=\"foaf:Image\" class=\"img-responsive\" src=\"https:\/\/www.leconomiste.com\/sites\/default\/files\/eco7\/public\/thumbnails\/image\/prete-moi-ton-reve-044.jpg\" width=\"261\" height=\"369\" alt=\"prete-moi-ton-reve-044.jpg\" title=\"prete-moi-ton-reve-044.jpg\"\/><\/div>\n<\/div>\n<p class=\"rtejustify\">Comme promis par la Fondation pour le d\u00e9veloppement de la culture contemporaine africaine (FDCCA), la deuxi\u00e8me \u00e9tape de l\u2019exposition \u00abPr\u00eate-moi ton r\u00eave\u00bb quittera Casablanca pour Dakar, du 6 d\u00e9cembre 2019 au 28 janvier 2020, deuxi\u00e8me destination de son p\u00e9riple \u00e0 travers le continent. Con\u00e7ue comme un road show par les commissaires Brahim Aaloui et Yacouba Konate, l\u2019exposition sillonnera plusieurs capitales africaines.<\/p>\n<p class=\"rtejustify\">Abidjan, Lagos, Addis-Abeba, Cape Town, avant de revenir en juin 2020 \u00e0 Marrakech, qui sera alors capitale de la culture afri\u00adcaine pour l\u2019ann\u00e9e. 28 artistes majeurs du continent y participent chacun avec une ou deux oeuvres majeures. Il y a les toiles d\u2019une modernit\u00e9 stup\u00e9fiante du Melehi, les totems embl\u00e9matiques du B\u00e9ninois Dominique Zinkp\u00e9, les formes hybrides du S\u00e9n\u00e9galais Soly Ciss\u00e9, l\u2019installation \u00e9minem\u00adment politique du Ca\u00admerounais Barth\u00e9l\u00e9my Toguo ou encore les peintures faussement na\u00efves du Congolais Ch\u00e9ri Samba.<\/p>\n<p class=\"rtejustify\">L\u2019escale dakaroise, qui s\u2019ins\u00adtallera au Mus\u00e9e des civilisations noires de la capitale s\u00e9n\u00e9\u00adgalaise, sera \u00e9largie avec la pr\u00e9sence de nouveaux artistes tels que Bernie Searle (Afrique du Sud), Ang\u00e8le Etoun\u00addi (Cameroun) et Rui Assubuji (Mozam\u00adbique). En parall\u00e8le de l\u2019exposition princi\u00adpale, le mus\u00e9e accueillera une exposition hommage d\u00e9di\u00e9e \u00e0 la Collection Henry Barbier. L\u2019exposition carte blanche inti\u00adtul\u00e9e \u00abFent Bokk\u00bb sera confi\u00e9e au jeune commissaire El Hadji Ma\u00adlick Ndiaye au mus\u00e9e Th\u00e9o\u00addore Monod de Dakar.<\/p>\n<p class=\"rtejustify\">Enfin, durant toute la dur\u00e9e de l\u2019ex\u00adposition, des conf\u00e9rences et tables rondes seront organi\u00ads\u00e9es autour des th\u00e8mes suivants: D\u00e9berlinisation, contemporan\u00e9it\u00e9s africaines, para\u00addigme panafri\u00adcain du 21e si\u00e8cle, d\u00e9fis scientifiques, technologiques et industriels du 21e si\u00e8cle, Religions et soci\u00e9t\u00e9s, l\u2019Afrique et ses diasporas\u2026 L\u2019exposition s\u2019acheminera ensuite vers Abidjan au printemps 2020.<\/p>\n<p class=\"rtejustify\">L\u2019id\u00e9e du projet est partie d\u2019un constat sans appel. L\u2019art africain trop longtemps sous-estim\u00e9 a r\u00e9ussi \u00e0 s\u2019imposer sur la sc\u00e8ne internationale, gr\u00e2ce notamment, \u00e0 des manifestations majeures telles que \u00abLes magiciens de la terre\u00bb, au Centre Pompidou \u00e0 Paris en 1989, l\u2019exposition \u00abAfrica remix\u00bb, pr\u00e9sent\u00e9e en Allemagne, en Grande-Bretagne, en France et au Ja\u00adpon en 2005 ou encore \u00ab100% Afrique\u00bb au Parc de La Villette \u00e0 Paris.<\/p>\n<p class=\"rtejustify\">Or si ces \u00e9v\u00e8nements ont eu le m\u00e9rite de d\u00e9montrer au regard europ\u00e9en, centr\u00e9 sur lui-m\u00eame, qu\u2019il existe une importante sc\u00e8ne des arts contemporains non occidentale, il n\u2019en reste pas moins qu\u2019ils ont \u00e9t\u00e9 organis\u00e9s par et pour des publics occidentaux. \u00abDes expositions qui n\u2019ont jamais \u00e9t\u00e9 montr\u00e9es en Afrique. Il faut aider cette m\u00e9moire africaine, flottante, fant\u00f4me, \u00e0 rentrer \u00e0 la maison!\u00bb, s\u2019insurge Yacouba Konat\u00e9, entre autres membre du Conseil scienti\u00adfique de l\u2019Acad\u00e9mie des Sciences, de la Culture et des Arts d\u2019Afrique et des Dias\u00adporas. L\u2019objectif de cette exposition itin\u00e9\u00adrante est justement de donner \u00e0 voir aux Africains de l\u2019art africain.<\/p>\n<p class=\"rtejustify\"><em>A.Bo<\/em><\/p>\n<\/div>\n<p>Auteur: hlafriqi<br \/>\n<a href=\"https:\/\/www.leconomiste.com\/article\/1053772-prete-moi-ton-reve-l-escale-dakaroise\">Cliquez ici pour lire l&rsquo;article depuis sa source.<\/a><\/p>\n","protected":false},"excerpt":{"rendered":"<p>Exposition itin\u00e9rante \u00e0 travers 6 villes d\u2019Afrique 28 artistes, 50 oeuvres, 15 pays Comme promis par la Fondation pour le d\u00e9veloppement de la culture contemporaine africaine (FDCCA), la deuxi\u00e8me \u00e9tape de l\u2019exposition \u00abPr\u00eate-moi ton r\u00eave\u00bb quittera Casablanca pour Dakar, du 6 d\u00e9cembre 2019 au 28 janvier 2020, deuxi\u00e8me destination de son p\u00e9riple \u00e0 travers le [&hellip;]<\/p>\n","protected":false},"author":1763,"featured_media":69138,"comment_status":"closed","ping_status":"closed","sticky":false,"template":"","format":"standard","meta":{"fifu_image_url":"","fifu_image_alt":"","footnotes":""},"categories":[78,54],"tags":[],"class_list":["post-69137","post","type-post","status-publish","format-standard","has-post-thumbnail","hentry","category-economie","category-maroc"],"_links":{"self":[{"href":"https:\/\/linitiative.ca\/International\/wp-json\/wp\/v2\/posts\/69137","targetHints":{"allow":["GET"]}}],"collection":[{"href":"https:\/\/linitiative.ca\/International\/wp-json\/wp\/v2\/posts"}],"about":[{"href":"https:\/\/linitiative.ca\/International\/wp-json\/wp\/v2\/types\/post"}],"author":[{"embeddable":true,"href":"https:\/\/linitiative.ca\/International\/wp-json\/wp\/v2\/users\/1763"}],"replies":[{"embeddable":true,"href":"https:\/\/linitiative.ca\/International\/wp-json\/wp\/v2\/comments?post=69137"}],"version-history":[{"count":0,"href":"https:\/\/linitiative.ca\/International\/wp-json\/wp\/v2\/posts\/69137\/revisions"}],"wp:featuredmedia":[{"embeddable":true,"href":"https:\/\/linitiative.ca\/International\/wp-json\/"}],"wp:attachment":[{"href":"https:\/\/linitiative.ca\/International\/wp-json\/wp\/v2\/media?parent=69137"}],"wp:term":[{"taxonomy":"category","embeddable":true,"href":"https:\/\/linitiative.ca\/International\/wp-json\/wp\/v2\/categories?post=69137"},{"taxonomy":"post_tag","embeddable":true,"href":"https:\/\/linitiative.ca\/International\/wp-json\/wp\/v2\/tags?post=69137"}],"curies":[{"name":"wp","href":"https:\/\/api.w.org\/{rel}","templated":true}]}}