{"id":69139,"date":"2019-12-02T05:45:00","date_gmt":"2019-12-02T10:45:00","guid":{"rendered":"https:\/\/linitiative.ca\/International\/expo-fouad-bellamine-ou-la-resurrection-par-la-douleur\/"},"modified":"2019-12-02T05:45:00","modified_gmt":"2019-12-02T10:45:00","slug":"expo-fouad-bellamine-ou-la-resurrection-par-la-douleur","status":"publish","type":"post","link":"https:\/\/linitiative.ca\/International\/expo-fouad-bellamine-ou-la-resurrection-par-la-douleur\/","title":{"rendered":"Expo: Fouad Bellamine ou la r\u00e9surrection par la douleur"},"content":{"rendered":"<div readability=\"34\">\n<p>L\u2019artiste expose \u00e0 la galerie L\u2019Atelier 21 \u00e0 Casablanca<\/p>\n<p>Un geste de col\u00e8re comme acte fondateur<\/p>\n<\/div>\n<div readability=\"87\">\n<div class=\"dnd-atom-wrapper type-image context-sdl_editor_representation atom-align-right\" contenteditable=\"false\" readability=\"31.5\">\n<div class=\"dnd-drop-wrapper image\"><img loading=\"lazy\" decoding=\"async\" typeof=\"foaf:Image\" class=\"img-responsive\" src=\"https:\/\/leconomiste.com\/sites\/default\/files\/eco7\/public\/thumbnails\/image\/zxpo-fouad-bellamine-044.jpg\" width=\"369\" height=\"342\" alt=\"zxpo-fouad-bellamine-044.jpg\" title=\"zxpo-fouad-bellamine-044.jpg\"\/><\/div>\n<div class=\"dnd-legend-wrapper\" contenteditable=\"true\" readability=\"8\">\n<p class=\"rtejustify\">Fouad Bellamine. Fragments d&rsquo;une d\u00e9chirure -technique mixte sur toile -ensemble de 19 pi\u00e8ces -dimensions variables- 1994-2017 <em>(Ph. L\u2019atelier 21)<\/em><\/p>\n<\/div>\n<\/div>\n<p class=\"rtejustify\">C\u2019est suite \u00e0 un \u00e9pisode autobiographique douloureux, survenu en 1994, que l\u2019artiste Fouad Bellamine, entreprend l\u2019acte fondateur de ce qui sera le th\u00e8me de son exposition \u00abFragments de vie\u00bb \u00e0 la galerie d\u2019art L\u2019Atelier 21 \u00e0 Casablanca du 3 d\u00e9cembre 2019 au 13 janvier 2020. L\u2019artiste, dans un acc\u00e8s de col\u00e8re, lac\u00e8re une grande peinture.<\/p>\n<p class=\"rtejustify\">\u00abFouad Bellamine a entaill\u00e9 la toile comme l\u2019on s\u2019automutile en agressant sa propre peau. Car il ne fait qu\u2019un avec elle\u00bb, \u00e9crit Latifa Serghini dans la pr\u00e9face du catalogue d\u2019exposition. D\u00e9chiquet\u00e9e \u00e0 l\u2019aide d\u2019un cutter, cette peinture a \u00e9t\u00e9 enroul\u00e9e et conserv\u00e9e dans un coin cach\u00e9 de l\u2019appartement o\u00f9 vivait le peintre, rue du Caire \u00e0 Rabat.<\/p>\n<p class=\"rtejustify\">L\u2019artiste n\u2019a jamais pu tourner la page de cette toile, mais il a plusieurs fois diff\u00e9r\u00e9 le moment de l\u2019affronter de nouveau du regard. 25 ans plus tard, Bellamine donne une nouvelle vie \u00e0 l\u2019\u0153uvre lac\u00e9r\u00e9e en isolant et en d\u00e9coupant les parties intactes. Il intitule cette \u0153uvre rendue \u00e0 la vie: Fragments d\u2019une d\u00e9chirure. Mais cela n\u2019apaise pas pour autant l\u2019artiste qui d\u00e9cide de peindre un ensemble d\u2019\u0153uvres comme pour conjurer d\u00e9finitivement les d\u00e9mons de l\u2019\u0153uvre ex\u00e9cut\u00e9e.<\/p>\n<p class=\"rtejustify\">Il se confie en ces termes \u00e0 Latifa Serghini concernant cette entreprise: \u00abC\u2019est une renaissance, une r\u00e9surrection dont il est question. C\u2019est un cadavre, un cercueil auquel je redonne vie, \u00e0 une p\u00e9riode de maturit\u00e9 de mon travail o\u00f9 j\u2019interpelle les moments de mon parcours pictural qu\u2019ils soient minimalistes ou expressionnistes. Ce sont en r\u00e9alit\u00e9 des fragments de peinture\u00bb. Ce sont les \u0153uvres provoqu\u00e9es par le souvenir de la toile lac\u00e9r\u00e9e qui sont donn\u00e9es \u00e0 voir dans Fragments de vie.<\/p>\n<p class=\"rtejustify\">\u00abLa destruction peut \u00eatre salutaire, r\u00e9g\u00e9n\u00e9ratrice. Elle seule permet de poursuivre la seule route apr\u00e8s le chaos, le juste chemin\u00bb, pr\u00e9cise l\u2019\u00e9crivain Kebir Mustapha Ammi dans le catalogue d\u2019exposition. Et il faut bien reconna\u00eetre que l\u2019\u0153uvre d\u00e9truite a \u00e9t\u00e9 \u00e0 l\u2019origine d\u2019un travail m\u00e9moriel exaltant o\u00f9 l\u2019artiste s\u2019est plong\u00e9 dans une introspection qui l\u2019a conduit \u00e0 interroger plusieurs s\u00e9ries anciennes comme les parall\u00e9l\u00e9pip\u00e8des, les niches ou les arches.<\/p>\n<p class=\"rtejustify\">\u00abLe r\u00e9sultat est \u00e9poustouflant\u00bb, comme le constate Kebir Mustapha Ammi qui ajoute: \u00abD\u2019un tombeau surgit la vie. D\u2019une le\u00e7on des t\u00e9n\u00e8bres, jaillit la lumi\u00e8re, \u00e9blouissante, faite de rais incomparables qui inondent d\u2019un nouveau jour, un sublime matin, l\u2019\u0153uvre du ma\u00eetre\u00bb.<\/p>\n<p class=\"rtejustify\">L\u2019exposition donne \u00e0 voir des \u0153uvres majeures pr\u00e9sent\u00e9es telles une travers\u00e9e m\u00e9morielle et intime dans plusieurs p\u00e9riodes qui ont fait sa r\u00e9putation comme l\u2019une des figures majeures de la peinture moderne dans le monde arabe, et bien au-del\u00e0.<\/p>\n<p class=\"rtejustify\"><em>A.Bo<\/em><\/p>\n<\/div>\n<p>Auteur: hlafriqi<br \/>\n<a href=\"https:\/\/www.leconomiste.com\/article\/1053803-expo-fouad-bellamine-ou-la-resurrection-par-la-douleur\">Cliquez ici pour lire l&rsquo;article depuis sa source.<\/a><\/p>\n","protected":false},"excerpt":{"rendered":"<p>L\u2019artiste expose \u00e0 la galerie L\u2019Atelier 21 \u00e0 Casablanca Un geste de col\u00e8re comme acte fondateur Fouad Bellamine. Fragments d&rsquo;une d\u00e9chirure -technique mixte sur toile -ensemble de 19 pi\u00e8ces -dimensions variables- 1994-2017 (Ph. L\u2019atelier 21) C\u2019est suite \u00e0 un \u00e9pisode autobiographique douloureux, survenu en 1994, que l\u2019artiste Fouad Bellamine, entreprend l\u2019acte fondateur de ce qui [&hellip;]<\/p>\n","protected":false},"author":1763,"featured_media":69140,"comment_status":"closed","ping_status":"closed","sticky":false,"template":"","format":"standard","meta":{"fifu_image_url":"","fifu_image_alt":"","footnotes":""},"categories":[78,54],"tags":[],"class_list":["post-69139","post","type-post","status-publish","format-standard","has-post-thumbnail","hentry","category-economie","category-maroc"],"_links":{"self":[{"href":"https:\/\/linitiative.ca\/International\/wp-json\/wp\/v2\/posts\/69139","targetHints":{"allow":["GET"]}}],"collection":[{"href":"https:\/\/linitiative.ca\/International\/wp-json\/wp\/v2\/posts"}],"about":[{"href":"https:\/\/linitiative.ca\/International\/wp-json\/wp\/v2\/types\/post"}],"author":[{"embeddable":true,"href":"https:\/\/linitiative.ca\/International\/wp-json\/wp\/v2\/users\/1763"}],"replies":[{"embeddable":true,"href":"https:\/\/linitiative.ca\/International\/wp-json\/wp\/v2\/comments?post=69139"}],"version-history":[{"count":0,"href":"https:\/\/linitiative.ca\/International\/wp-json\/wp\/v2\/posts\/69139\/revisions"}],"wp:featuredmedia":[{"embeddable":true,"href":"https:\/\/linitiative.ca\/International\/wp-json\/"}],"wp:attachment":[{"href":"https:\/\/linitiative.ca\/International\/wp-json\/wp\/v2\/media?parent=69139"}],"wp:term":[{"taxonomy":"category","embeddable":true,"href":"https:\/\/linitiative.ca\/International\/wp-json\/wp\/v2\/categories?post=69139"},{"taxonomy":"post_tag","embeddable":true,"href":"https:\/\/linitiative.ca\/International\/wp-json\/wp\/v2\/tags?post=69139"}],"curies":[{"name":"wp","href":"https:\/\/api.w.org\/{rel}","templated":true}]}}