{"id":69141,"date":"2019-12-02T06:30:00","date_gmt":"2019-12-02T11:30:00","guid":{"rendered":"https:\/\/linitiative.ca\/International\/ocde-des-regimes-de-retraite-mieux-harmonises\/"},"modified":"2019-12-02T06:30:00","modified_gmt":"2019-12-02T11:30:00","slug":"ocde-des-regimes-de-retraite-mieux-harmonises","status":"publish","type":"post","link":"https:\/\/linitiative.ca\/International\/ocde-des-regimes-de-retraite-mieux-harmonises\/","title":{"rendered":"OCDE: \u00abDes r\u00e9gimes de retraite mieux harmonis\u00e9s\u2026\u00bb"},"content":{"rendered":"<div readability=\"35\">\n<p>Objectif: att\u00e9nuer les in\u00e9galit\u00e9s de couverture, de cotisations et de droits<\/p>\n<p>L\u2019acc\u00e8s aux plans de retraite individuels doit \u00eatre le m\u00eame pour tous<\/p>\n<\/div>\n<div readability=\"121\">\n<p class=\"rtejustify\">Une r\u00e9forme urgente des r\u00e9gimes de retraite s\u2019impose. Objectif: \u00abveiller \u00e0 ce que les travailleurs temporaires ou \u00e0 temps partiel, toujours plus nombreux, puissent cotiser suffisamment tout au long de leur vie active pour percevoir un revenu convenable une fois \u00e0 la retraite\u00bb.<\/p>\n<p class=\"rtejustify\">L\u2019\u00e9dition 2019 du Panorama des pensions de l\u2019OCDE montre que l\u2019emploi atypique, comme le travail non salari\u00e9, temporaire ou \u00e0 temps partiel, repr\u00e9sente aujourd\u2019hui plus d\u2019un tiers de l\u2019emploi total dans les pays de l\u2019OCDE. Les femmes sont trois fois plus nombreuses que les hommes \u00e0 travailler \u00e0 temps partiel. Le travail ind\u00e9pendant est particuli\u00e8rement r\u00e9pandu chez les travailleurs plus \u00e2g\u00e9s.<\/p>\n<p class=\"rtejustify\">\u00abLes pouvoirs publics doivent mettre en place rapidement des r\u00e9gimes de retraite mieux harmonis\u00e9s, qui profitent \u00e0 tous\u00bb, selon le Secr\u00e9taire g\u00e9n\u00e9ral de l\u2019OCDE, Angel Gurr\u00eda. \u00abIl est primordial que les pays de l\u2019OCDE r\u00e9forment leurs politiques en mati\u00e8re de retraite afin d\u2019att\u00e9nuer les in\u00e9galit\u00e9s de couverture, de cotisations et de droits constat\u00e9es entre les travailleurs traditionnels et ceux atypiques\u00bb, dit-il.<\/p>\n<p class=\"rtejustify\">Souvent, ces derniers sont moins bien r\u00e9mun\u00e9r\u00e9s, cotisent moins aux r\u00e9gimes li\u00e9s \u00e0 la r\u00e9mun\u00e9ration et n\u2019ont pas la possibilit\u00e9 de cotiser aux r\u00e9gimes professionnels. M\u00eame dans l\u2019hypoth\u00e8se de carri\u00e8res compl\u00e8tes, la pension de retraite des travailleurs ind\u00e9pendants au titre des r\u00e9gimes obligatoires correspond \u00e0 une r\u00e9mun\u00e9ration \u00e9quivalente \u00e0 80% environ de celle des travailleurs salari\u00e9s en moyenne dans la zone OCDE.<\/p>\n<p class=\"rtejustify\">L\u2019accent doit \u00eatre mis sur l\u2019\u00e9tablissement de r\u00e9gimes de retraite plus homog\u00e8nes qui ne laissent personne de c\u00f4t\u00e9, plut\u00f4t que sur une r\u00e9orientation radicale de leur conception et de leur financement. Ainsi, l\u2019acc\u00e8s aux plans de retraite individuels doit \u00eatre le m\u00eame pour tous, quel que soit le statut d\u2019emploi. Et il faut faciliter les modalit\u00e9s de transfert des droits \u00e0 pension en cas de changement d\u2019emploi.<\/p>\n<p class=\"rtejustify\">L\u2019\u00e9tude met \u00e9galement en \u00e9vidence les risques accrus que les pays ne soient pas en mesure de mener \u00e0 bien les r\u00e9formes adopt\u00e9es derni\u00e8rement. Et ce, alors m\u00eame que le vieillissement d\u00e9mographique s\u2019acc\u00e9l\u00e8re \u00e0 l\u2019\u00e9chelle de l\u2019OCDE.<\/p>\n<p class=\"rtejustify\">Au cours des 40 derni\u00e8res ann\u00e9es, le nombre de personnes \u00e2g\u00e9es de plus de 65 ans pour 100 personnes d\u2019\u00e2ge actif (20-64 ans) est pass\u00e9 de 20 \u00e0 31 et il aura presque doubl\u00e9 en 2060, \u00e0 58. Selon les projections, le vieillissement d\u00e9mographique sera particuli\u00e8rement rapide en Cor\u00e9e, en Espagne, en Gr\u00e8ce, en Pologne, au Portugal, en R\u00e9publique slovaque et en Slov\u00e9nie. Le Japon et l\u2019Italie resteront parmi les pays dot\u00e9s de la population la plus \u00e2g\u00e9e.<\/p>\n<p class=\"rtejustify\">Depuis deux ans, la plupart des r\u00e9formes des retraites visent \u00e0 assouplir les crit\u00e8res d\u2019\u00e2ge, augmenter les pensions, \u00e9largir la couverture des r\u00e9gimes. Certaines mesures prises derni\u00e8rement sont en outre revenues sur des r\u00e9formes ant\u00e9rieures, avec \u00e0 la cl\u00e9 des pressions accrues \u00e0 long terme qui menacent la viabilit\u00e9 financi\u00e8re de nombreux r\u00e9gimes de retraite.<\/p>\n<p class=\"rtejustify\">Par exemple, la France se distingue par un \u00e2ge moyen de la sortie du travail particuli\u00e8rement bas, de 60,8 ans, soit quatre ans de moins que la moyenne des pays de l\u2019OCDE. Le futur syst\u00e8me universel par points que veut mettre en place le gouvernement fran\u00e7ais simplifiera le syst\u00e8me actuel jug\u00e9 trop complexe, avec ses 42 r\u00e9gimes distincts.<\/p>\n<p class=\"rtejustify\">La r\u00e9forme (contre laquelle une gr\u00e8ve massive est pr\u00e9vue \u00e0 partir du 5 d\u00e9cembre) permettra \u00abde mettre en place des r\u00e8gles claires d\u2019ajustement de ses principaux param\u00e8tres en fonction de l\u2019\u00e9volution \u00e0 moyen terme de la d\u00e9mographie\u00bb, esp\u00e8re l\u2019OCDE.<\/p>\n<blockquote readability=\"21\">\n<p class=\"rtecenter\"><strong><span class=\"c4\">Question d\u2019\u00e2ge: 62 ans-71 ans\u2026<\/span><\/strong><\/p>\n<p class=\"rtejustify\"><strong>\u25a0<\/strong> En 2018, l\u2019\u00e2ge normal de la retraite pour les hommes s\u2019\u00e9levait \u00e0 51 ans en Turquie, contre 67 ans pour les hommes comme pour les femmes en Islande, en Italie et en Norv\u00e8ge.<br \/><strong>\u25a0<\/strong>\u00a0 Compte tenu de la l\u00e9gislation en vigueur, l\u2019\u00e2ge normal de la retraite \u00e0 l\u2019avenir sera compris entre 62 ans en Gr\u00e8ce, au Luxembourg, en Slov\u00e9nie et en Turquie et 71 ans ou plus au Danemark, en Estonie, en Italie et aux Pays-Bas.<br \/><strong>\u25a0<\/strong> La proportion de la vie adulte pass\u00e9e \u00e0 la retraite continue d\u2019augmenter dans la grande majorit\u00e9 des pays de l\u2019OCDE. En moyenne, la cohorte de population qui entre actuellement sur le march\u00e9 du travail devrait passer 33,6% de sa vie adulte \u00e0 la retraite, contre 32% pour la cohorte qui part aujourd\u2019hui \u00e0 la retraite.<\/p>\n<\/blockquote>\n<p class=\"rtejustify\"><em>F. Z. T.<\/em><\/p>\n<\/div>\n<p>Auteur: hlafriqi<br \/>\n<a href=\"https:\/\/www.leconomiste.com\/article\/1053802-ocde-des-regimes-de-retraite-mieux-harmonises\">Cliquez ici pour lire l&rsquo;article depuis sa source.<\/a><\/p>\n","protected":false},"excerpt":{"rendered":"<p>Objectif: att\u00e9nuer les in\u00e9galit\u00e9s de couverture, de cotisations et de droits L\u2019acc\u00e8s aux plans de retraite individuels doit \u00eatre le m\u00eame pour tous Une r\u00e9forme urgente des r\u00e9gimes de retraite s\u2019impose. Objectif: \u00abveiller \u00e0 ce que les travailleurs temporaires ou \u00e0 temps partiel, toujours plus nombreux, puissent cotiser suffisamment tout au long de leur vie [&hellip;]<\/p>\n","protected":false},"author":1763,"featured_media":0,"comment_status":"closed","ping_status":"closed","sticky":false,"template":"","format":"standard","meta":{"fifu_image_url":"","fifu_image_alt":"","footnotes":""},"categories":[78,54],"tags":[],"class_list":["post-69141","post","type-post","status-publish","format-standard","hentry","category-economie","category-maroc"],"_links":{"self":[{"href":"https:\/\/linitiative.ca\/International\/wp-json\/wp\/v2\/posts\/69141","targetHints":{"allow":["GET"]}}],"collection":[{"href":"https:\/\/linitiative.ca\/International\/wp-json\/wp\/v2\/posts"}],"about":[{"href":"https:\/\/linitiative.ca\/International\/wp-json\/wp\/v2\/types\/post"}],"author":[{"embeddable":true,"href":"https:\/\/linitiative.ca\/International\/wp-json\/wp\/v2\/users\/1763"}],"replies":[{"embeddable":true,"href":"https:\/\/linitiative.ca\/International\/wp-json\/wp\/v2\/comments?post=69141"}],"version-history":[{"count":0,"href":"https:\/\/linitiative.ca\/International\/wp-json\/wp\/v2\/posts\/69141\/revisions"}],"wp:attachment":[{"href":"https:\/\/linitiative.ca\/International\/wp-json\/wp\/v2\/media?parent=69141"}],"wp:term":[{"taxonomy":"category","embeddable":true,"href":"https:\/\/linitiative.ca\/International\/wp-json\/wp\/v2\/categories?post=69141"},{"taxonomy":"post_tag","embeddable":true,"href":"https:\/\/linitiative.ca\/International\/wp-json\/wp\/v2\/tags?post=69141"}],"curies":[{"name":"wp","href":"https:\/\/api.w.org\/{rel}","templated":true}]}}