{"id":69144,"date":"2019-12-02T15:14:08","date_gmt":"2019-12-02T20:14:08","guid":{"rendered":"https:\/\/linitiative.ca\/International\/pros-atal-dans-lequipe-type-de-la-15eme-journee-de-la-ligue-1-conforama\/"},"modified":"2019-12-02T15:14:08","modified_gmt":"2019-12-02T20:14:08","slug":"pros-atal-dans-lequipe-type-de-la-15eme-journee-de-la-ligue-1-conforama","status":"publish","type":"post","link":"https:\/\/linitiative.ca\/International\/pros-atal-dans-lequipe-type-de-la-15eme-journee-de-la-ligue-1-conforama\/","title":{"rendered":"Pros : Atal dans l\u2019\u00e9quipe-type de la 15\u00e8me journ\u00e9e de la Ligue 1 Conforama"},"content":{"rendered":"<div readability=\"32\">\n<p>Auteur : <span>Riad O.<\/span> <span class=\"time\">lundi 02 d\u00e9cembre 2019 18:25<\/span><\/p>\n<\/div>\n<div id=\"post_core\" readability=\"51\">\n<p>Le d\u00e9fenseur lat\u00e9ral droit de l\u2019OGC Nice, Youcef Atal continue de faire parler de lui en France. Le joueur de l\u2019EN figure une nouvelle fois dans l\u2019\u00e9quipe-type de la semaine du championnat fran\u00e7ais. Aujourd\u2019hui, son nom figure dans le onze-type de la 15\u00e8me journ\u00e9e de la Ligue 1 Conforama \u00e9tabli par le quotidien, l\u2019Equipe. \u00a0Auteur d\u2019une belle prestation, le week-end dernier, face \u00e0 Angers, avec une note de 7\/10 attribu\u00e9e par le m\u00e9dia en question, Youcef Atal figure, naturellement, dans l\u2019\u00e9quipe-type de la semaine du championnat fran\u00e7ais. Youcef Atal, tout comme Costil, Pablo, Amavi et Sanson, a d\u00e9j\u00e0 \u00e9t\u00e9 \u00e0 l&rsquo;honneur dans cette \u00e9quipe-type \u00a0au cours des trois derni\u00e8res journ\u00e9es\u00a0:\u00a0\u00abLe Ni\u00e7ois, suspendu la semaine derni\u00e8re, a obtenu un 7 lors de ses trois derni\u00e8res sorties, pour autant d&rsquo;apparitions dans notre onze.\u00bb a indiqu\u00e9 le m\u00e9dia en question.<\/p>\n<p><strong>Publi\u00e9 dans :<\/strong> <span>Atal<\/span><\/p>\n<\/div>\n<p>Auteur:<br \/>\n<a href=\"http:\/\/www.lebuteur.com\/article\/detail?titre=atal-dans-lequipe-type-de-la-15eme-journee-de-la-ligue-1-conforama&#038;id=93320&#038;utm_source=feedburner&#038;utm_medium=feed&#038;utm_campaign=Feed%3A+GalerieFArtciles+%28Les+derniers+articles++-+lebuteur.com%29\">Cliquez ici pour lire l&rsquo;article depuis sa source.<\/a><\/p>\n","protected":false},"excerpt":{"rendered":"<p>Auteur : Riad O. lundi 02 d\u00e9cembre 2019 18:25 Le d\u00e9fenseur lat\u00e9ral droit de l\u2019OGC Nice, Youcef Atal continue de faire parler de lui en France. Le joueur de l\u2019EN figure une nouvelle fois dans l\u2019\u00e9quipe-type de la semaine du championnat fran\u00e7ais. Aujourd\u2019hui, son nom figure dans le onze-type de la 15\u00e8me journ\u00e9e de la [&hellip;]<\/p>\n","protected":false},"author":1738,"featured_media":69145,"comment_status":"closed","ping_status":"closed","sticky":false,"template":"","format":"standard","meta":{"fifu_image_url":"","fifu_image_alt":"","footnotes":""},"categories":[53,75],"tags":[],"class_list":["post-69144","post","type-post","status-publish","format-standard","has-post-thumbnail","hentry","category-algerie","category-sport"],"_links":{"self":[{"href":"https:\/\/linitiative.ca\/International\/wp-json\/wp\/v2\/posts\/69144","targetHints":{"allow":["GET"]}}],"collection":[{"href":"https:\/\/linitiative.ca\/International\/wp-json\/wp\/v2\/posts"}],"about":[{"href":"https:\/\/linitiative.ca\/International\/wp-json\/wp\/v2\/types\/post"}],"author":[{"embeddable":true,"href":"https:\/\/linitiative.ca\/International\/wp-json\/wp\/v2\/users\/1738"}],"replies":[{"embeddable":true,"href":"https:\/\/linitiative.ca\/International\/wp-json\/wp\/v2\/comments?post=69144"}],"version-history":[{"count":0,"href":"https:\/\/linitiative.ca\/International\/wp-json\/wp\/v2\/posts\/69144\/revisions"}],"wp:featuredmedia":[{"embeddable":true,"href":"https:\/\/linitiative.ca\/International\/wp-json\/"}],"wp:attachment":[{"href":"https:\/\/linitiative.ca\/International\/wp-json\/wp\/v2\/media?parent=69144"}],"wp:term":[{"taxonomy":"category","embeddable":true,"href":"https:\/\/linitiative.ca\/International\/wp-json\/wp\/v2\/categories?post=69144"},{"taxonomy":"post_tag","embeddable":true,"href":"https:\/\/linitiative.ca\/International\/wp-json\/wp\/v2\/tags?post=69144"}],"curies":[{"name":"wp","href":"https:\/\/api.w.org\/{rel}","templated":true}]}}